{"id":102193,"date":"2016-12-15T18:05:01","date_gmt":"2016-12-15T20:05:01","guid":{"rendered":"http:\/\/www.redenoticia.com.br\/noticia\/?p=102193"},"modified":"2016-12-16T11:08:01","modified_gmt":"2016-12-16T13:08:01","slug":"novela-malhacao-resumo-1612-tania-assume-namoro-com-caio","status":"publish","type":"post","link":"https:\/\/migracao.redenoticia.com.br\/noticia\/2016\/novela-malhacao-resumo-1612-tania-assume-namoro-com-caio\/102193","title":{"rendered":"Novela \u201cMalha\u00e7\u00e3o\u201d resumo 16\/12: T\u00e2nia assume namoro com Caio"},"content":{"rendered":"<p><img loading=\"lazy\" decoding=\"async\" class=\"alignleft size-thumbnail wp-image-91715\" src=\"https:\/\/migracao.redenoticia.com.br\/noticia\/imagens\/malhacao_pro_dia_nascer_feliz_resumo_novela-150x112.jpg\" alt=\"malhacao_pro_dia_nascer_feliz_resumo_novela\" width=\"150\" height=\"112\" srcset=\"https:\/\/migracao.redenoticia.com.br\/noticia\/imagens\/malhacao_pro_dia_nascer_feliz_resumo_novela-150x112.jpg 150w, https:\/\/migracao.redenoticia.com.br\/noticia\/imagens\/malhacao_pro_dia_nascer_feliz_resumo_novela-265x198.jpg 265w\" sizes=\"auto, (max-width: 150px) 100vw, 150px\" \/><strong><em>Novela \u201cMalha\u00e7\u00e3o\u201d resumo 16\/12<\/em><\/strong>:\u00a0Ricardo n\u00e3o se conforma de ter perdido T\u00e2nia e, mais uma vez, vai atr\u00e1s da funcion\u00e1ria para cobrar explica\u00e7\u00f5es. Confiante, a recepcionista explica que n\u00e3o tem outro espa\u00e7o em sua vida para ele, a n\u00e3o ser como patr\u00e3o. T\u00e2nia diz que o momento dos dois passou e agora que conhece melhor o patr\u00e3o percebe que tudo n\u00e3o passou de um erro. Ricardo\u00a0pergunta se ela est\u00e1 com algu\u00e9m, mas T\u00e2nia desconversa. Mais tarde, T\u00e2nia anuncia para F\u00e1bio e Luiza que est\u00e1 a namorar Caio.<\/p>\n<p>No cap\u00edtulo 085(*), novela \u201cMalha\u00e7\u00e3o\u201d, sexta-feira, 16 de dezembro \u2013 Joana confessa a T\u00e2nia que n\u00e3o se sente confort\u00e1vel para falar sobre Toninho.<\/p>\n<p>Belloto revela a R\u00f4mulo que os dois ficar\u00e3o no mesmo hotel que J\u00e9ssica e Nanda nos Estados Unidos. J\u00e9ssica e Nanda chegam a Orlando. Ricardo se incomoda por Juliana n\u00e3o dormir em casa.<\/p>\n<p>F\u00e1bio insiste para divulgar fotos de Lucas e Luiza na rede social. T\u00e2nia anuncia para F\u00e1bio e Luiza que est\u00e1 namorando Caio. B\u00e1rbara implica com Joana por causa de Toninho. J\u00e9ssica, Nanda, Belloto e R\u00f4mulo se encontram no hotel.<\/p>\n<p>(*) edi\u00e7\u00e3o da Rede Globo, Novela \u201cMalha\u00e7\u00e3o\u201d, sujeito a altera\u00e7\u00e3o de data e conte\u00fado.<\/p>\n","protected":false},"excerpt":{"rendered":"<p>Novela \u201cMalha\u00e7\u00e3o\u201d resumo 16\/12:\u00a0Ricardo n\u00e3o se conforma de ter perdido T\u00e2nia e, mais uma vez, vai atr\u00e1s da funcion\u00e1ria para cobrar explica\u00e7\u00f5es. Confiante, a recepcionista explica que n\u00e3o tem outro espa\u00e7o em sua vida para ele, a n\u00e3o ser como patr\u00e3o. T\u00e2nia diz que o momento dos dois passou e agora que conhece melhor o [&hellip;]<\/p>\n","protected":false},"author":4,"featured_media":91715,"comment_status":"open","ping_status":"closed","sticky":false,"template":"","format":"standard","meta":{"tdm_status":"","tdm_grid_status":"","footnotes":""},"categories":[447,379,375,343],"tags":[441],"class_list":{"0":"post-102193","1":"post","2":"type-post","3":"status-publish","4":"format-standard","5":"has-post-thumbnail","7":"category-malhacao","8":"category-novelas","9":"category-rede-globo","10":"category-televisao","11":"tag-resumo-do-dia"},"_links":{"self":[{"href":"https:\/\/migracao.redenoticia.com.br\/noticia\/wp-json\/wp\/v2\/posts\/102193","targetHints":{"allow":["GET"]}}],"collection":[{"href":"https:\/\/migracao.redenoticia.com.br\/noticia\/wp-json\/wp\/v2\/posts"}],"about":[{"href":"https:\/\/migracao.redenoticia.com.br\/noticia\/wp-json\/wp\/v2\/types\/post"}],"author":[{"embeddable":true,"href":"https:\/\/migracao.redenoticia.com.br\/noticia\/wp-json\/wp\/v2\/users\/4"}],"replies":[{"embeddable":true,"href":"https:\/\/migracao.redenoticia.com.br\/noticia\/wp-json\/wp\/v2\/comments?post=102193"}],"version-history":[{"count":0,"href":"https:\/\/migracao.redenoticia.com.br\/noticia\/wp-json\/wp\/v2\/posts\/102193\/revisions"}],"wp:featuredmedia":[{"embeddable":true,"href":"https:\/\/migracao.redenoticia.com.br\/noticia\/wp-json\/wp\/v2\/media\/91715"}],"wp:attachment":[{"href":"https:\/\/migracao.redenoticia.com.br\/noticia\/wp-json\/wp\/v2\/media?parent=102193"}],"wp:term":[{"taxonomy":"category","embeddable":true,"href":"https:\/\/migracao.redenoticia.com.br\/noticia\/wp-json\/wp\/v2\/categories?post=102193"},{"taxonomy":"post_tag","embeddable":true,"href":"https:\/\/migracao.redenoticia.com.br\/noticia\/wp-json\/wp\/v2\/tags?post=102193"}],"curies":[{"name":"wp","href":"https:\/\/api.w.org\/{rel}","templated":true}]}}