{"id":102195,"date":"2016-12-15T17:25:27","date_gmt":"2016-12-15T19:25:27","guid":{"rendered":"http:\/\/www.redenoticia.com.br\/noticia\/?p=102195"},"modified":"2016-12-16T11:09:25","modified_gmt":"2016-12-16T13:09:25","slug":"novela-cheias-de-charme-resumo-1612-elano-decide-denunciar-sarmento","status":"publish","type":"post","link":"https:\/\/migracao.redenoticia.com.br\/noticia\/2016\/novela-cheias-de-charme-resumo-1612-elano-decide-denunciar-sarmento\/102195","title":{"rendered":"Novela \u201cCheias de Charme\u201d resumo 16\/12: Elano decide denunciar Sarmento"},"content":{"rendered":"<p><img loading=\"lazy\" decoding=\"async\" class=\"alignleft size-thumbnail wp-image-95548\" src=\"https:\/\/migracao.redenoticia.com.br\/noticia\/imagens\/cheias-de-charme-novela-globo-internacional-resumo-proximo-capitulo-150x112.jpg\" alt=\"cheias-de-charme-novela-globo-internacional-resumo-proximo-capitulo\" width=\"150\" height=\"112\" \/><strong><em>Novela \u201cCheias de Charme\u201d resumo 16\/12<\/em><\/strong>:\u00a0Elano fica intrigado ao descobrir que Otto aprovou o or\u00e7amento das obras. Marisete flagra Elano e Kleiton a conversar sobre o esquema na obra de Otto. Brunessa fica intrigada com a suposta afinidade entre os Werneck e os Sarmento. Elano decide denunciar Sarmento. Otto convida Penha para ir \u00e0 festa de lan\u00e7amento do seu condom\u00ednio. Marisete e Sarmento encaram Elano.<\/p>\n<p>No cap\u00edtulo 065(*), novela \u201cCheias de Charme\u201d, sexta-feira, 16 de dezembro \u2013 Chayene orienta Naldo a fazer uma comida afrodis\u00edaca. Elano fica intrigado ao descobrir que Otto aprovou o or\u00e7amento das obras. Socorro descobre o tempero secreto de Naldo.<\/p>\n<p>Marisete flagra Elano e Kleiton conversando sobre o esquema na obra de Otto. Brunessa fica intrigada com a suposta afinidade entre os Werneck e os Sarmento. Elano afirma a Kleiton que n\u00e3o vai se declarar para Cida enquanto ela estiver apaixonada por Conrado.<\/p>\n<p>Lygia apresenta melhora e todos comemoram. Ros\u00e1rio termina a m\u00fasica que comp\u00f4s para In\u00e1cio. Fabian decide se encontrar com Ros\u00e1rio antes de viajar. Morvan rouba a est\u00e1tua de Chayene. Elano decide denunciar Sarmento. Otto convida Penha para ir \u00e0 festa de lan\u00e7amento do seu condom\u00ednio. Marisete e Sarmento encaram Elano.<\/p>\n<p>(*) edi\u00e7\u00e3o da Rede Globo, Novela \u201cCheias de Charme\u201d, sujeito a altera\u00e7\u00e3o de data e conte\u00fado.<\/p>\n","protected":false},"excerpt":{"rendered":"<p>Novela \u201cCheias de Charme\u201d resumo 16\/12:\u00a0Elano fica intrigado ao descobrir que Otto aprovou o or\u00e7amento das obras. Marisete flagra Elano e Kleiton a conversar sobre o esquema na obra de Otto. Brunessa fica intrigada com a suposta afinidade entre os Werneck e os Sarmento. Elano decide denunciar Sarmento. Otto convida Penha para ir \u00e0 festa [&hellip;]<\/p>\n","protected":false},"author":4,"featured_media":95548,"comment_status":"open","ping_status":"closed","sticky":false,"template":"","format":"standard","meta":{"tdm_status":"","tdm_grid_status":"","footnotes":""},"categories":[379,375,343],"tags":[441],"class_list":{"0":"post-102195","1":"post","2":"type-post","3":"status-publish","4":"format-standard","5":"has-post-thumbnail","7":"category-novelas","8":"category-rede-globo","9":"category-televisao","10":"tag-resumo-do-dia"},"_links":{"self":[{"href":"https:\/\/migracao.redenoticia.com.br\/noticia\/wp-json\/wp\/v2\/posts\/102195","targetHints":{"allow":["GET"]}}],"collection":[{"href":"https:\/\/migracao.redenoticia.com.br\/noticia\/wp-json\/wp\/v2\/posts"}],"about":[{"href":"https:\/\/migracao.redenoticia.com.br\/noticia\/wp-json\/wp\/v2\/types\/post"}],"author":[{"embeddable":true,"href":"https:\/\/migracao.redenoticia.com.br\/noticia\/wp-json\/wp\/v2\/users\/4"}],"replies":[{"embeddable":true,"href":"https:\/\/migracao.redenoticia.com.br\/noticia\/wp-json\/wp\/v2\/comments?post=102195"}],"version-history":[{"count":0,"href":"https:\/\/migracao.redenoticia.com.br\/noticia\/wp-json\/wp\/v2\/posts\/102195\/revisions"}],"wp:featuredmedia":[{"embeddable":true,"href":"https:\/\/migracao.redenoticia.com.br\/noticia\/wp-json\/wp\/v2\/media\/95548"}],"wp:attachment":[{"href":"https:\/\/migracao.redenoticia.com.br\/noticia\/wp-json\/wp\/v2\/media?parent=102195"}],"wp:term":[{"taxonomy":"category","embeddable":true,"href":"https:\/\/migracao.redenoticia.com.br\/noticia\/wp-json\/wp\/v2\/categories?post=102195"},{"taxonomy":"post_tag","embeddable":true,"href":"https:\/\/migracao.redenoticia.com.br\/noticia\/wp-json\/wp\/v2\/tags?post=102195"}],"curies":[{"name":"wp","href":"https:\/\/api.w.org\/{rel}","templated":true}]}}