{"id":102197,"date":"2016-12-15T20:55:47","date_gmt":"2016-12-15T22:55:47","guid":{"rendered":"http:\/\/www.redenoticia.com.br\/noticia\/?p=102197"},"modified":"2016-12-16T10:58:01","modified_gmt":"2016-12-16T12:58:01","slug":"novela-chiquititas-resumo-1612-casal-frances-quer-adotar-pata","status":"publish","type":"post","link":"https:\/\/migracao.redenoticia.com.br\/noticia\/2016\/novela-chiquititas-resumo-1612-casal-frances-quer-adotar-pata\/102197","title":{"rendered":"Novela \u201cChiquititas\u201d resumo 16\/12: Casal franc\u00eas quer adotar Pata"},"content":{"rendered":"<p><img loading=\"lazy\" decoding=\"async\" class=\"alignleft size-thumbnail wp-image-49690\" src=\"https:\/\/migracao.redenoticia.com.br\/noticia\/imagens\/chiquititas1-150x112.jpg\" alt=\"chiquititas\" width=\"150\" height=\"112\" \/><strong><em>Novela \u201cChiquititas\u201d resumo 16\/12<\/em><\/strong>:\u00a0Carmen avisa aos \u00f3rf\u00e3os que um casal de franceses vai ao local com inten\u00e7\u00e3o de adotar uma crian\u00e7a e, por isso, eles precisam por em pr\u00e1tica tudo o que aprenderam.\u00a0Na manh\u00e3 seguinte, Carmen vai ao orfanato e leva Jonny Queen, que \u00e9 um famoso cabeleireiro, para transformar o visual das Chiquititas. Depois, o cabeleireiro mostra para Carmen as crian\u00e7as despenteadas e com maquiagem borrada. Carmen acha tudo estranho, mas o cabeleireiro diz que as chiquititas ficaram excelentes. A diretora pede para que as chiquititas desfa\u00e7am o penteado e a maquiagem imediatamente. O casal franc\u00eas chega ao orfanato e Carmen anuncia uma apresenta\u00e7\u00e3o especial. A diretora vai ao piano e come\u00e7a a tocar. As chiquititas cantam uma can\u00e7\u00e3o francesa e o casal fica empolgado. As crian\u00e7as falam de suas qualidades para tentar chamar a aten\u00e7\u00e3o dos franceses. Carmen chama Pata de canto e diz que o casal franc\u00eas a escolheu para ser adotada e ir viver na Europa. Pata diz que n\u00e3o vai a lugar algum sem o irm\u00e3o, Mosca. Carmen diz que ela precisa se comportar e que vai para Europa e ponto final. <\/p>\n<p>No cap\u00edtulo 069(*), novela \u201cChiquititas\u201d, sexta-feira, 16 de dezembro \u2013 Eduarda diz pra Maria Cec\u00edlia que gostou de Tom\u00e1s Ferraz (que \u00e9 Tobias se fazendo passar por um cantor popstar portugu\u00eas), mas que a vida de artista \u00e9 muito corrida e cheia de mulheres. Eduarda fala pra filha que o melhor seria ela continuar investindo em Junior, pois o namoro dele com Carol n\u00e3o deve durar muito, segundo ela, devido a diferen\u00e7a na classe econ\u00f4mica do casal. Na manh\u00e3 seguinte Cris acorda de um pesadelo em que todos do orfanato lhe chamam de imperfeita por ela n\u00e3o estar preparada pra receber o casal franc\u00eas. Na mans\u00e3o dos Almeida Campos, Junior avisa o pai que levar\u00e1 Gabi pra passear e que encontrar\u00e3o com Carol, que tirou folga no mesmo dia que ele pra poderem passear com Gabi (irm\u00e3 de Junior que n\u00e3o fala por possuir um grave bloqueio psicol\u00f3gico desde que sua filha foi dada como morta). No Caf\u00e9 Boutique, Beto diz pra sua namorada, Clarita, que est\u00e1 com vontade de fazer algo. Ele vai com ela atr\u00e1s da bancada da loja. Os dois se abaixam e Beto a beija. O rapaz deseja um bom dia de trabalho a amada. Clarita fica feliz que os dois tenham se entendido e com a maneira carinhosa do namorado. Carmen vai ao orfanato e leva Jonny Queen (Ricardo Pepe), que \u00e9 um famoso cabelereiro, e sua equipe pra transformar o visual das Chiquititas para receberem o casal franc\u00eas. Clipe de cena da m\u00fasica \u201cTodo Mundo Chique\u201d. Junior chega \u00e0 casa de Carol com Gabi. Eduarda vai at\u00e9 o Caf\u00e9 Boutique e com a demora no atendimento decidi ir at\u00e9 a bancada. A ex-modelo chama Tobias, que se esconde para que ela n\u00e3o desconfie que ele e Tom\u00e1s Ferraz s\u00e3o a mesma pessoa.<\/p>\n<p>No orfanato, o cabelereiro mostra pra Carmen como as crian\u00e7as ficaram. Os pequeninos est\u00e3o todos despenteados e com maquiagem borrada. Carmen acha tudo estranho, mas diz que gostou muito. Tudo pra n\u00e3o contrariar a vis\u00e3o do cabelereiro, que disse que as chiquititas precisavam de um \u201ctchan\u201d e ficaram excelentes. Educadamente, Carmen dispensa os profissionais. A diretora pede para que as chiquititas desfa\u00e7am o penteado e a maquiagem imediatamente. Ernestina ri muito. Os clientes do Caf\u00e9 Boutique reclamam da demora no atendimento e Let\u00edcia pede pra Tobias ir trabalhar ao inv\u00e9s de se esconder de Eduarda. Maria Cec\u00edlia aparece e diz que dar\u00e1 um jeito de tirar a m\u00e3e da loja. O casal franc\u00eas (Rodrigo Feldman e Gabriela Rosas) chega ao orfanato. Para dar boas vindas a eles, Carmen anuncia uma apresenta\u00e7\u00e3o especial. A diretora vai ao piano e come\u00e7a a tocar. As chiquititas cantam uma can\u00e7\u00e3o francesa e o casal fica empolgado. A maioria das crian\u00e7as falam de suas qualidades pra tentar chamar a aten\u00e7\u00e3o dos franceses. Dani conversa com Gabi na casa de Carol.<\/p>\n<p>A menina pega uma de suas bonecas e d\u00e1 pra Gabi brincar de mam\u00e3e e filhinha. Gabi, que sofre de um profundo bloqueio psicol\u00f3gico, demonstra rea\u00e7\u00e3o e come\u00e7a a ninar a boneca. Carol observa a cena e fica boquiaberta. Gabi finalmente demostra um comportamento e chama a aten\u00e7\u00e3o de Junior pra observar a irm\u00e3. Dani diz que \u00e9 a vez dela brincar e tira a boneca de Gabi, que fica em estado agitado e come\u00e7a a chorar. Na diretoria do orfanato, o casal franc\u00eas diz pra Carmen que se interessou por uma das chiquititas. Todos v\u00e3o pra sala. Carmen chama Pata de canto e diz que o casal franc\u00eas escolheu ela pra ser adotada e ir viver na Europa. Pata diz que n\u00e3o vai a lugar algum sem o irm\u00e3o, Mosca. Carmen diz que ela precisa se comportar, que ir\u00e1 pra Europa e ponto final.<\/p>\n<p>(*) edi\u00e7\u00e3o do SBT, Novela \u201cChiquititas\u201d, sujeito a altera\u00e7\u00e3o de data e conte\u00fado.<\/p>\n","protected":false},"excerpt":{"rendered":"<p>Novela \u201cChiquititas\u201d resumo 16\/12:\u00a0Carmen avisa aos \u00f3rf\u00e3os que um casal de franceses vai ao local com inten\u00e7\u00e3o de adotar uma crian\u00e7a e, por isso, eles precisam por em pr\u00e1tica tudo o que aprenderam.\u00a0Na manh\u00e3 seguinte, Carmen vai ao orfanato e leva Jonny Queen, que \u00e9 um famoso cabeleireiro, para transformar o visual das Chiquititas. Depois, [&hellip;]<\/p>\n","protected":false},"author":4,"featured_media":46455,"comment_status":"open","ping_status":"closed","sticky":false,"template":"","format":"standard","meta":{"tdm_status":"","tdm_grid_status":"","footnotes":""},"categories":[409,379,372,343],"tags":[441],"class_list":{"0":"post-102197","1":"post","2":"type-post","3":"status-publish","4":"format-standard","5":"has-post-thumbnail","7":"category-chiquititas","8":"category-novelas","9":"category-sbt","10":"category-televisao","11":"tag-resumo-do-dia"},"_links":{"self":[{"href":"https:\/\/migracao.redenoticia.com.br\/noticia\/wp-json\/wp\/v2\/posts\/102197","targetHints":{"allow":["GET"]}}],"collection":[{"href":"https:\/\/migracao.redenoticia.com.br\/noticia\/wp-json\/wp\/v2\/posts"}],"about":[{"href":"https:\/\/migracao.redenoticia.com.br\/noticia\/wp-json\/wp\/v2\/types\/post"}],"author":[{"embeddable":true,"href":"https:\/\/migracao.redenoticia.com.br\/noticia\/wp-json\/wp\/v2\/users\/4"}],"replies":[{"embeddable":true,"href":"https:\/\/migracao.redenoticia.com.br\/noticia\/wp-json\/wp\/v2\/comments?post=102197"}],"version-history":[{"count":0,"href":"https:\/\/migracao.redenoticia.com.br\/noticia\/wp-json\/wp\/v2\/posts\/102197\/revisions"}],"wp:featuredmedia":[{"embeddable":true,"href":"https:\/\/migracao.redenoticia.com.br\/noticia\/wp-json\/wp\/v2\/media\/46455"}],"wp:attachment":[{"href":"https:\/\/migracao.redenoticia.com.br\/noticia\/wp-json\/wp\/v2\/media?parent=102197"}],"wp:term":[{"taxonomy":"category","embeddable":true,"href":"https:\/\/migracao.redenoticia.com.br\/noticia\/wp-json\/wp\/v2\/categories?post=102197"},{"taxonomy":"post_tag","embeddable":true,"href":"https:\/\/migracao.redenoticia.com.br\/noticia\/wp-json\/wp\/v2\/tags?post=102197"}],"curies":[{"name":"wp","href":"https:\/\/api.w.org\/{rel}","templated":true}]}}