{"id":102370,"date":"2016-12-19T19:30:35","date_gmt":"2016-12-19T21:30:35","guid":{"rendered":"http:\/\/www.redenoticia.com.br\/noticia\/?p=102370"},"modified":"2016-12-17T20:31:59","modified_gmt":"2016-12-17T22:31:59","slug":"novela-ezel-resumo-2012-kamil-fica-contra-a-vinganca-de-ezel","status":"publish","type":"post","link":"https:\/\/migracao.redenoticia.com.br\/noticia\/2016\/novela-ezel-resumo-2012-kamil-fica-contra-a-vinganca-de-ezel\/102370","title":{"rendered":"Novela \u201cEzel\u201d resumo 20\/12: Kamil fica contra a vingan\u00e7a de Ezel"},"content":{"rendered":"<p> <img loading=\"lazy\" decoding=\"async\" class=\"alignleft size-thumbnail wp-image-98061\" src=\"https:\/\/migracao.redenoticia.com.br\/noticia\/imagens\/ezel_novela_band_resumo-150x112.jpg\" alt=\"ezel_novela_band_resumo\" width=\"150\" height=\"112\" srcset=\"https:\/\/migracao.redenoticia.com.br\/noticia\/imagens\/ezel_novela_band_resumo-150x112.jpg 150w, https:\/\/migracao.redenoticia.com.br\/noticia\/imagens\/ezel_novela_band_resumo-265x198.jpg 265w\" sizes=\"auto, (max-width: 150px) 100vw, 150px\" \/><strong><em> Novela \u201cEzel\u201d resumo 20\/12<\/em><\/strong>: Ezel encontra seu pai no cemit\u00e9rio e ele confessa que est\u00e1 arrependido de como tratou seu filho, quando ele foi acusado de assassinato. Ezel diz para ele desabafar. Logo depois, Kamil fica contra a vingan\u00e7a de Ezel e irrita seu chefe, que pede a ele para deix\u00e1-lo sozinho para sempre.<\/p>\n<p>No capitulo 038 (*), novela \u201cEzel\u201d, ter\u00e7a-feira, 20 de dezembro &#8211; Cengiz tenta conseguir um empr\u00e9stimo para ficar s\u00f3cio de Ezel na constru\u00e7\u00e3o de um novo hotel. Ali se sente exclu\u00eddo e quer matar Ezel. Bahar e Ezel discutem e ela diz que n\u00e3o quer mais v\u00ea-lo. Cengiz n\u00e3o consegue levantar o dinheiro do empr\u00e9stimo e Eysan amea\u00e7a deix\u00e1-lo. Cengiz implora pela ajuda de Ezel.<\/p>\n<p> Cengiz compra uma joia para Eysan. Ezel vai ao cemit\u00e9rio e encontra Muntaz no t\u00famulo de Omer. Ezel chama Muntaz de pai e os dois se emocionam. Ezel dispensa os servi\u00e7os de Kamil e Sebnem. Bahar acha um bilhete na porta de casa, com um convite para jantar. Nil liga para Eysan e a provoca dizendo que estava com Cengiz.<\/p>\n<p> Bahar chega ao restaurante e se decepciona ao ver Ali esperando por ela. Cengiz d\u00e1 o colar a Eysan. Ali se declara a Bahar mas leva um fora. Eysan diz a Cengiz que Yan n\u00e3o \u00e9 filho dele. Cengiz sai atordoado e vai para a casa de Nil. Bahar desmaia no restaurante e Ezel vai salv\u00e1-la.<\/p>\n<p>(*) edi\u00e7\u00e3o da Band, Novela \u201cEzel\u201d, sujeito a altera\u00e7\u00e3o de data e conte\u00fado.<\/p>\n","protected":false},"excerpt":{"rendered":"<p>Novela \u201cEzel\u201d resumo 20\/12: Ezel encontra seu pai no cemit\u00e9rio e ele confessa que est\u00e1 arrependido de como tratou seu filho, quando ele foi acusado de assassinato. Ezel diz para ele desabafar. Logo depois, Kamil fica contra a vingan\u00e7a de Ezel e irrita seu chefe, que pede a ele para deix\u00e1-lo sozinho para sempre. No [&hellip;]<\/p>\n","protected":false},"author":2,"featured_media":98061,"comment_status":"open","ping_status":"closed","sticky":false,"template":"","format":"standard","meta":{"tdm_status":"","tdm_grid_status":"","footnotes":""},"categories":[390,379,343],"tags":[441],"class_list":{"0":"post-102370","1":"post","2":"type-post","3":"status-publish","4":"format-standard","5":"has-post-thumbnail","7":"category-band","8":"category-novelas","9":"category-televisao","10":"tag-resumo-do-dia"},"_links":{"self":[{"href":"https:\/\/migracao.redenoticia.com.br\/noticia\/wp-json\/wp\/v2\/posts\/102370","targetHints":{"allow":["GET"]}}],"collection":[{"href":"https:\/\/migracao.redenoticia.com.br\/noticia\/wp-json\/wp\/v2\/posts"}],"about":[{"href":"https:\/\/migracao.redenoticia.com.br\/noticia\/wp-json\/wp\/v2\/types\/post"}],"author":[{"embeddable":true,"href":"https:\/\/migracao.redenoticia.com.br\/noticia\/wp-json\/wp\/v2\/users\/2"}],"replies":[{"embeddable":true,"href":"https:\/\/migracao.redenoticia.com.br\/noticia\/wp-json\/wp\/v2\/comments?post=102370"}],"version-history":[{"count":0,"href":"https:\/\/migracao.redenoticia.com.br\/noticia\/wp-json\/wp\/v2\/posts\/102370\/revisions"}],"wp:featuredmedia":[{"embeddable":true,"href":"https:\/\/migracao.redenoticia.com.br\/noticia\/wp-json\/wp\/v2\/media\/98061"}],"wp:attachment":[{"href":"https:\/\/migracao.redenoticia.com.br\/noticia\/wp-json\/wp\/v2\/media?parent=102370"}],"wp:term":[{"taxonomy":"category","embeddable":true,"href":"https:\/\/migracao.redenoticia.com.br\/noticia\/wp-json\/wp\/v2\/categories?post=102370"},{"taxonomy":"post_tag","embeddable":true,"href":"https:\/\/migracao.redenoticia.com.br\/noticia\/wp-json\/wp\/v2\/tags?post=102370"}],"curies":[{"name":"wp","href":"https:\/\/api.w.org\/{rel}","templated":true}]}}