{"id":102427,"date":"2016-12-19T18:25:47","date_gmt":"2016-12-19T20:25:47","guid":{"rendered":"http:\/\/www.redenoticia.com.br\/noticia\/?p=102427"},"modified":"2016-12-20T11:01:49","modified_gmt":"2016-12-20T13:01:49","slug":"novela-sol-nascente-resumo-2012-mario-desconfia-da-armacao-entre-cesar-e-socrates","status":"publish","type":"post","link":"https:\/\/migracao.redenoticia.com.br\/noticia\/2016\/novela-sol-nascente-resumo-2012-mario-desconfia-da-armacao-entre-cesar-e-socrates\/102427","title":{"rendered":"Novela \u201cSol Nascente\u201d resumo 20\/12: Mario desconfia da arma\u00e7\u00e3o entre C\u00e9sar e S\u00f3crates"},"content":{"rendered":"<p><img loading=\"lazy\" decoding=\"async\" class=\"alignleft size-thumbnail wp-image-91714\" src=\"https:\/\/migracao.redenoticia.com.br\/noticia\/imagens\/sol_nascente_resumo_novela_globo-150x112.jpg\" alt=\"sol_nascente_resumo_novela_globo\" width=\"150\" height=\"112\" srcset=\"https:\/\/migracao.redenoticia.com.br\/noticia\/imagens\/sol_nascente_resumo_novela_globo-150x112.jpg 150w, https:\/\/migracao.redenoticia.com.br\/noticia\/imagens\/sol_nascente_resumo_novela_globo-265x198.jpg 265w\" sizes=\"auto, (max-width: 150px) 100vw, 150px\" \/><strong><em>Novela \u201cSol Nascente\u201d resumo 20\/12<\/em><\/strong>: ao saber que Felipe \u00e9 promovido a gerente da filial do banco em Arraial, Alice resolve tirar a conta da empresa de S\u00f3crates e passar para ele, sem desconfiar que est\u00e1 a atrapalhar o esquema de remessa de dinheiro ilegal de C\u00e9sar. Alice insiste para que Felipe administre a conta banc\u00e1ria da Arraial Pescados e Cesar se incomoda. Cesar afirma a S\u00f3crates que, caso seu esquema de corrup\u00e7\u00e3o seja descoberto, ele e Alice v\u00e3o ser presos pela Pol\u00edcia. S\u00f3crates exige que Cesar fa\u00e7a Alice desistir de demiti-lo. Mario conversa com Felipe e desconfia da arma\u00e7\u00e3o entre Cesar e S\u00f3crates.<\/p>\n<p>No cap\u00edtulo 097(*), novela \u201cSol Nascente\u201d, ter\u00e7a-feira, 20 de dezembro \u2013 S\u00f3crates exige que Cesar fa\u00e7a Alice desistir de demiti-lo. Tanaka presenteia Mocinha. Mario conversa com Felipe e desconfia da arma\u00e7\u00e3o entre Cesar e S\u00f3crates. Ralf se preocupa com os estudos de Milena.<\/p>\n<p>Sirlene reconhece Jo\u00e3o Amaro e Patrick nota o desconforto entre os dois. Damasceno questiona Cesar sobre a noite da explos\u00e3o na traineira. Lenita comenta com Vittorio que tem esperan\u00e7as de reencontrar sua filha. Mario aconselha Tiago sobre sua rela\u00e7\u00e3o com Dora. Tiago e Dora decidem se tornar amigos.<\/p>\n<p>Cesar e Mocinha cobram o envolvimento de Carolina no plano contra Alice e Tanaka. Vittorio convence Milena a se concentrar nos estudos at\u00e9 passar no vestibular. Geppina ensina Ralf a cozinhar. Mario afirma a Damasceno e Patrick que Wagner tem a resposta sobre a causa da explos\u00e3o. Tiago procura por Yumi.<\/p>\n<p>(*) edi\u00e7\u00e3o da Rede Globo, Novela \u201cSol Nascente\u201d, sujeito a altera\u00e7\u00e3o de data e conte\u00fado.<\/p>\n","protected":false},"excerpt":{"rendered":"<p>Novela \u201cSol Nascente\u201d resumo 20\/12: ao saber que Felipe \u00e9 promovido a gerente da filial do banco em Arraial, Alice resolve tirar a conta da empresa de S\u00f3crates e passar para ele, sem desconfiar que est\u00e1 a atrapalhar o esquema de remessa de dinheiro ilegal de C\u00e9sar. Alice insiste para que Felipe administre a conta [&hellip;]<\/p>\n","protected":false},"author":4,"featured_media":91714,"comment_status":"open","ping_status":"closed","sticky":false,"template":"","format":"standard","meta":{"tdm_status":"","tdm_grid_status":"","footnotes":""},"categories":[379,375,343],"tags":[441],"class_list":{"0":"post-102427","1":"post","2":"type-post","3":"status-publish","4":"format-standard","5":"has-post-thumbnail","7":"category-novelas","8":"category-rede-globo","9":"category-televisao","10":"tag-resumo-do-dia"},"_links":{"self":[{"href":"https:\/\/migracao.redenoticia.com.br\/noticia\/wp-json\/wp\/v2\/posts\/102427","targetHints":{"allow":["GET"]}}],"collection":[{"href":"https:\/\/migracao.redenoticia.com.br\/noticia\/wp-json\/wp\/v2\/posts"}],"about":[{"href":"https:\/\/migracao.redenoticia.com.br\/noticia\/wp-json\/wp\/v2\/types\/post"}],"author":[{"embeddable":true,"href":"https:\/\/migracao.redenoticia.com.br\/noticia\/wp-json\/wp\/v2\/users\/4"}],"replies":[{"embeddable":true,"href":"https:\/\/migracao.redenoticia.com.br\/noticia\/wp-json\/wp\/v2\/comments?post=102427"}],"version-history":[{"count":0,"href":"https:\/\/migracao.redenoticia.com.br\/noticia\/wp-json\/wp\/v2\/posts\/102427\/revisions"}],"wp:featuredmedia":[{"embeddable":true,"href":"https:\/\/migracao.redenoticia.com.br\/noticia\/wp-json\/wp\/v2\/media\/91714"}],"wp:attachment":[{"href":"https:\/\/migracao.redenoticia.com.br\/noticia\/wp-json\/wp\/v2\/media?parent=102427"}],"wp:term":[{"taxonomy":"category","embeddable":true,"href":"https:\/\/migracao.redenoticia.com.br\/noticia\/wp-json\/wp\/v2\/categories?post=102427"},{"taxonomy":"post_tag","embeddable":true,"href":"https:\/\/migracao.redenoticia.com.br\/noticia\/wp-json\/wp\/v2\/tags?post=102427"}],"curies":[{"name":"wp","href":"https:\/\/api.w.org\/{rel}","templated":true}]}}