{"id":102429,"date":"2016-12-19T18:05:43","date_gmt":"2016-12-19T20:05:43","guid":{"rendered":"http:\/\/www.redenoticia.com.br\/noticia\/?p=102429"},"modified":"2016-12-20T10:59:01","modified_gmt":"2016-12-20T12:59:01","slug":"novela-malhacao-resumo-2012-jaba-se-incomoda-com-toninho","status":"publish","type":"post","link":"https:\/\/migracao.redenoticia.com.br\/noticia\/2016\/novela-malhacao-resumo-2012-jaba-se-incomoda-com-toninho\/102429","title":{"rendered":"Novela \u201cMalha\u00e7\u00e3o\u201d resumo 20\/12: Jab\u00e1 se incomoda com Toninho"},"content":{"rendered":"<p><img loading=\"lazy\" decoding=\"async\" class=\"alignleft size-thumbnail wp-image-91715\" src=\"https:\/\/migracao.redenoticia.com.br\/noticia\/imagens\/malhacao_pro_dia_nascer_feliz_resumo_novela-150x112.jpg\" alt=\"malhacao_pro_dia_nascer_feliz_resumo_novela\" width=\"150\" height=\"112\" srcset=\"https:\/\/migracao.redenoticia.com.br\/noticia\/imagens\/malhacao_pro_dia_nascer_feliz_resumo_novela-150x112.jpg 150w, https:\/\/migracao.redenoticia.com.br\/noticia\/imagens\/malhacao_pro_dia_nascer_feliz_resumo_novela-265x198.jpg 265w\" sizes=\"auto, (max-width: 150px) 100vw, 150px\" \/><strong><em>Novela \u201cMalha\u00e7\u00e3o\u201d resumo 20\/12<\/em><\/strong>:\u00a0Joana nota que Toninho fala tudo e mais um pouco sobre ela e, sem pensar duas vezes, ela coloca o irm\u00e3o contra a parede. Vendo que consegue mexer com a garota, ele tenta sair por cima e joga indiretas ao dizer que, se fosse para prejudica-la, ele poderia dizer v\u00e1rias coisas, mas ele s\u00f3 quer o bem dela. Toninho deixa claro que se a irm\u00e3 est\u00e1 no bem bom, ele tamb\u00e9m quer o mesmo e n\u00e3o ficar na mis\u00e9ria. Assim, Joana conta a Toninho que conseguiu um adiantamento de sal\u00e1rio para ajudar sua av\u00f3 Damiana. Mas, Toninho discute com Joana por causa do dinheiro. Mais tarde, Toninho faz sucesso ao acompanhar Lucas em um show no hostel. Jab\u00e1 e Juliana registram o comportamento de Toninho. Este se aproxima de Juliana e Jab\u00e1 se incomoda.<\/p>\n<p>No cap\u00edtulo 087(*), novela \u201cMalha\u00e7\u00e3o\u201d, ter\u00e7a-feira, 20 de dezembro \u2013 Toninho discute com Joana por causa do dinheiro que, supostamente, \u00e9 para cuidar de sua av\u00f3 Damiana.<\/p>\n<p>Nanda dispensa R\u00f4mulo mais uma vez. B\u00e1rbara provoca Giovane por conta de Joana. R\u00f4mulo e Belloto seguem Nanda e J\u00e9ssica no parque de divers\u00e3o de Orlando. Krica e Cleyton sonham em viajar para os Estados Unidos. Toninho faz sucesso ao acompanhar Lucas em um show no hostel.<\/p>\n<p>Jab\u00e1 e Juliana registram o comportamento de Toninho. R\u00f4mulo convida Nanda para sair. Toninho se aproxima de Juliana e Jab\u00e1 se incomoda.<\/p>\n<p>(*) edi\u00e7\u00e3o da Rede Globo, Novela \u201cMalha\u00e7\u00e3o\u201d, sujeito a altera\u00e7\u00e3o de data e conte\u00fado.<\/p>\n","protected":false},"excerpt":{"rendered":"<p>Novela \u201cMalha\u00e7\u00e3o\u201d resumo 20\/12:\u00a0Joana nota que Toninho fala tudo e mais um pouco sobre ela e, sem pensar duas vezes, ela coloca o irm\u00e3o contra a parede. Vendo que consegue mexer com a garota, ele tenta sair por cima e joga indiretas ao dizer que, se fosse para prejudica-la, ele poderia dizer v\u00e1rias coisas, mas [&hellip;]<\/p>\n","protected":false},"author":4,"featured_media":91715,"comment_status":"open","ping_status":"closed","sticky":false,"template":"","format":"standard","meta":{"tdm_status":"","tdm_grid_status":"","footnotes":""},"categories":[447,379,375,343],"tags":[441],"class_list":{"0":"post-102429","1":"post","2":"type-post","3":"status-publish","4":"format-standard","5":"has-post-thumbnail","7":"category-malhacao","8":"category-novelas","9":"category-rede-globo","10":"category-televisao","11":"tag-resumo-do-dia"},"_links":{"self":[{"href":"https:\/\/migracao.redenoticia.com.br\/noticia\/wp-json\/wp\/v2\/posts\/102429","targetHints":{"allow":["GET"]}}],"collection":[{"href":"https:\/\/migracao.redenoticia.com.br\/noticia\/wp-json\/wp\/v2\/posts"}],"about":[{"href":"https:\/\/migracao.redenoticia.com.br\/noticia\/wp-json\/wp\/v2\/types\/post"}],"author":[{"embeddable":true,"href":"https:\/\/migracao.redenoticia.com.br\/noticia\/wp-json\/wp\/v2\/users\/4"}],"replies":[{"embeddable":true,"href":"https:\/\/migracao.redenoticia.com.br\/noticia\/wp-json\/wp\/v2\/comments?post=102429"}],"version-history":[{"count":0,"href":"https:\/\/migracao.redenoticia.com.br\/noticia\/wp-json\/wp\/v2\/posts\/102429\/revisions"}],"wp:featuredmedia":[{"embeddable":true,"href":"https:\/\/migracao.redenoticia.com.br\/noticia\/wp-json\/wp\/v2\/media\/91715"}],"wp:attachment":[{"href":"https:\/\/migracao.redenoticia.com.br\/noticia\/wp-json\/wp\/v2\/media?parent=102429"}],"wp:term":[{"taxonomy":"category","embeddable":true,"href":"https:\/\/migracao.redenoticia.com.br\/noticia\/wp-json\/wp\/v2\/categories?post=102429"},{"taxonomy":"post_tag","embeddable":true,"href":"https:\/\/migracao.redenoticia.com.br\/noticia\/wp-json\/wp\/v2\/tags?post=102429"}],"curies":[{"name":"wp","href":"https:\/\/api.w.org\/{rel}","templated":true}]}}