{"id":102433,"date":"2016-12-19T20:55:11","date_gmt":"2016-12-19T22:55:11","guid":{"rendered":"http:\/\/www.redenoticia.com.br\/noticia\/?p=102433"},"modified":"2016-12-20T11:05:48","modified_gmt":"2016-12-20T13:05:48","slug":"novela-chiquititas-resumo-2012-jose-ricardo-chama-a-atencao-de-armando","status":"publish","type":"post","link":"https:\/\/migracao.redenoticia.com.br\/noticia\/2016\/novela-chiquititas-resumo-2012-jose-ricardo-chama-a-atencao-de-armando\/102433","title":{"rendered":"Novela \u201cChiquititas\u201d resumo 20\/12: Jos\u00e9 Ricardo chama a aten\u00e7\u00e3o de Armando"},"content":{"rendered":"<p><img loading=\"lazy\" decoding=\"async\" class=\"alignleft size-thumbnail wp-image-49690\" src=\"https:\/\/migracao.redenoticia.com.br\/noticia\/imagens\/chiquititas1-150x112.jpg\" alt=\"chiquititas\" width=\"150\" height=\"112\" \/><strong><em>Novela \u201cChiquititas\u201d resumo 20\/12<\/em><\/strong>:\u00a0Jos\u00e9 Ricardo avisa aos empres\u00e1rios que um cr\u00edtico vai ao Caf\u00e9 pra avaliar a loja para o pr\u00eamio de melhores do ano. Armando diz que vai cuidar pessoalmente para que tudo corra bem. Jos\u00e9 Ricardo avisa os funcion\u00e1rios sobre o cr\u00edtico que vai ao Caf\u00e9 Boutique e lembra que, se vencerem, v\u00e3o ser o \u00fanico caf\u00e9 a vencer por sete anos seguidos. No dia seguinte, Armando insiste demais em agradar o cr\u00edtico. Maria Cec\u00edlia n\u00e3o sabe o que fazer. Eduarda chega ao local e senta-se \u00e0 mesa do cr\u00edtico para puxar assunto. O homem se incomoda. Em outra mesa, um rapaz pede pra Let\u00edcia lhe servir algo que ela ache que vai surpreend\u00ea-lo. A gar\u00e7onete fica admirada com o jeito gentil do cliente. O homem levanta e diz que Armando \u00e9 muito chato. Ele pede desculpa ao senhor Rui. O homem diz que n\u00e3o \u00e9 cr\u00edtico e muito menos se chama Rui. Armando se pergunta quem \u00e9 o cr\u00edtico ent\u00e3o. Enquanto isso, o outro rapaz agradece Let\u00edcia pela indica\u00e7\u00e3o e diz que adorou o caf\u00e9. Ela diz que \u00e9 um prazer ver os clientes satisfeitos e ele garante que vai voltar mais vezes. Mais tarde, Jos\u00e9 Ricardo chama \u00e0 aten\u00e7\u00e3o de Armando pela falha. <\/p>\n<p>No cap\u00edtulo 071(*), novela \u201cChiquititas\u201d, ter\u00e7a-feira, 20 de dezembro \u2013 as meninas colocam biqu\u00edni pra irem brincar no quintal. Mili diz que ir\u00e1 de shorts. No Caf\u00e9 Boutique, Armando insiste demais em agradar o cr\u00edtico. Maria Cec\u00edlia n\u00e3o sabe o que fazer. Eduarda chega ao local e senta-se \u00e0 mesa do cr\u00edtico pra puxar assunto. O homem se incomoda. Em outra mesa, um rapaz pede pra Let\u00edcia lhe servir algo que ela ache que ir\u00e1 surpreend\u00ea-lo. A gar\u00e7onete fica admirada com o jeito gentil do cliente. As crian\u00e7as esperam encher a piscina enquanto comem churrasco. No Caf\u00e9 Boutique, o homem levanta e diz que Armando \u00e9 muito chato. Ele pede desculpa ao senhor Rui (nome do cr\u00edtico). O homem diz que n\u00e3o \u00e9 cr\u00edtico e muito menos se chama Rui. Armando se pergunta quem \u00e9 o cr\u00edtico ent\u00e3o. Enquanto isso, o outro rapaz agradece Let\u00edcia pela indica\u00e7\u00e3o e diz que adorou o caf\u00e9. Ela diz que \u00e9 um prazer ver os clientes satisfeitos e ele garante que voltar\u00e1 mais vezes. No orfanato, as crian\u00e7as insistem pra Mili entrar na piscina. A garota se irrita e diz que j\u00e1 disse que n\u00e3o. Mili sai correndo. Carol estranha o comportamento e vai atr\u00e1s da pequenina pra checa o que acontece. Mili diz que virou mocinha e que est\u00e1 com vergonha. Carol aconselha, explica e acalma Mili. A garota diz que n\u00e3o quer que ningu\u00e9m descubra isso. Carol diz que ajudar\u00e1 ela, mas que isso \u00e9 uma coisa boa e \u00e9 sinal de que ela est\u00e1 crescendo. No p\u00e1tio, as meninas conversam e acham que Mili virou mocinha.<\/p>\n<p>Todas decidem disfar\u00e7ar e esperar que Mili conte quando achar melhor. Bia n\u00e3o aguenta e assim que Mili chega ao p\u00e1tio pergunta na frente das demais se ela virou mocinha. Mili pergunta como elas sabem. As meninas conversam enquanto os chiquititos comem hamb\u00farguer. No Caf\u00e9 Boutique, Armando chama \u00e0 aten\u00e7\u00e3o de Armando pela falha. No orfanato, as meninas conversam com Mili pra saber como \u00e9 virar mocinha. Os meninos escutam a conversa atr\u00e1s da porta e ficam achando que Mili est\u00e1 com uma grave doen\u00e7a. Os meninos dizem que precisam ajudar Mili. Eles questionam as meninas sobre o que Mili t\u00eam. As Chiquititas dizem que prometeram guardar segredo e n\u00e3o dir\u00e3o nada. Mosca vai ao quarto das meninas para falar com Mili. A garota corre pra guardar seu pacote de absorventes antes dele entrar. Mosca diz que Mili pode confiar nele, mas a menina se nega a dizer. A garota vai descer a escada pra falar com Carol e \u00e9 surpreendida com Rafa, que com preocupa\u00e7\u00e3o lhe ajuda. Binho leva um peda\u00e7o de bolo pra Mili, que agradece, mas n\u00e3o come. Binho acha que esse \u00e9 sinal de que ela est\u00e1 muito mal. Mili conversa com Carol, fala que os meninos est\u00e3o estranhos e que est\u00e1 com medo deles descobrirem que virou mocinha. Carol diz que eles devem estar desconfiados, mas n\u00e3o sabem de nada. Mili diz que a barriga dela est\u00e1 doendo e Carol explica que isso \u00e9 normal. Mili responde que \u00e9 normal porque n\u00e3o \u00e9 a barriga de Carol que est\u00e1 doendo. A estudante de psicologia diz que ela est\u00e1 respondona, mas que isso tamb\u00e9m \u00e9 normal. Mili pede desculpa e diz que est\u00e1 um pouco nervosa.<\/p>\n<p>Os meninos acham que Mili vai morrer e que ningu\u00e9m conta nada pra eles. No quarto das meninas, os meninos levam flores pra Mili. Eles dizem que sabem que ela vai morrer em poucos dias. As meninas gargalham, pois os meninos confundiram tudo o que escutaram escondidos atr\u00e1s da porta. Mili decide contar a verdade pra eles e revela que virou mocinha. Na mans\u00e3o dos Almeida Campos, chega \u00e0 prima de Carmen com o filho. Trata-se de Mariana (Claudia Cavalheira) com o filho Eduardo (Filipe Bragan\u00e7a) \u2013 estreia do personagem Duda. O garoto v\u00ea Gabi e pergunta: \u201cessa que \u00e9 a prima louca?\u201d. Mariana repreende o filho. Valentina os leva at\u00e9 o quarto de visita. Mais tarde, Mariana conta pra Carmen que ir\u00e1 pra Europa a trabalho e deixar\u00e1 Duda, o Eduardo, com eles. O menino faz constantes malcria\u00e7\u00f5es e responde a pr\u00f3pria m\u00e3e. No orfanato, Mosca pede desculpa pra Mili por ter feito a amiga contar seu segredo.<\/p>\n<p>(*) edi\u00e7\u00e3o do SBT, Novela \u201cChiquititas\u201d, sujeito a altera\u00e7\u00e3o de data e conte\u00fado.<\/p>\n","protected":false},"excerpt":{"rendered":"<p>Novela \u201cChiquititas\u201d resumo 20\/12:\u00a0Jos\u00e9 Ricardo avisa aos empres\u00e1rios que um cr\u00edtico vai ao Caf\u00e9 pra avaliar a loja para o pr\u00eamio de melhores do ano. Armando diz que vai cuidar pessoalmente para que tudo corra bem. Jos\u00e9 Ricardo avisa os funcion\u00e1rios sobre o cr\u00edtico que vai ao Caf\u00e9 Boutique e lembra que, se vencerem, v\u00e3o [&hellip;]<\/p>\n","protected":false},"author":4,"featured_media":49690,"comment_status":"open","ping_status":"closed","sticky":false,"template":"","format":"standard","meta":{"tdm_status":"","tdm_grid_status":"","footnotes":""},"categories":[409,379,372,343],"tags":[441],"class_list":{"0":"post-102433","1":"post","2":"type-post","3":"status-publish","4":"format-standard","5":"has-post-thumbnail","7":"category-chiquititas","8":"category-novelas","9":"category-sbt","10":"category-televisao","11":"tag-resumo-do-dia"},"_links":{"self":[{"href":"https:\/\/migracao.redenoticia.com.br\/noticia\/wp-json\/wp\/v2\/posts\/102433","targetHints":{"allow":["GET"]}}],"collection":[{"href":"https:\/\/migracao.redenoticia.com.br\/noticia\/wp-json\/wp\/v2\/posts"}],"about":[{"href":"https:\/\/migracao.redenoticia.com.br\/noticia\/wp-json\/wp\/v2\/types\/post"}],"author":[{"embeddable":true,"href":"https:\/\/migracao.redenoticia.com.br\/noticia\/wp-json\/wp\/v2\/users\/4"}],"replies":[{"embeddable":true,"href":"https:\/\/migracao.redenoticia.com.br\/noticia\/wp-json\/wp\/v2\/comments?post=102433"}],"version-history":[{"count":0,"href":"https:\/\/migracao.redenoticia.com.br\/noticia\/wp-json\/wp\/v2\/posts\/102433\/revisions"}],"wp:featuredmedia":[{"embeddable":true,"href":"https:\/\/migracao.redenoticia.com.br\/noticia\/wp-json\/wp\/v2\/media\/49690"}],"wp:attachment":[{"href":"https:\/\/migracao.redenoticia.com.br\/noticia\/wp-json\/wp\/v2\/media?parent=102433"}],"wp:term":[{"taxonomy":"category","embeddable":true,"href":"https:\/\/migracao.redenoticia.com.br\/noticia\/wp-json\/wp\/v2\/categories?post=102433"},{"taxonomy":"post_tag","embeddable":true,"href":"https:\/\/migracao.redenoticia.com.br\/noticia\/wp-json\/wp\/v2\/tags?post=102433"}],"curies":[{"name":"wp","href":"https:\/\/api.w.org\/{rel}","templated":true}]}}