{"id":102456,"date":"2016-12-20T07:18:57","date_gmt":"2016-12-20T09:18:57","guid":{"rendered":"http:\/\/www.redenoticia.com.br\/noticia\/?p=102456"},"modified":"2016-12-20T07:18:18","modified_gmt":"2016-12-20T09:18:18","slug":"pos-doutorado-em-pesquisa-social-e-educacao-com-bolsa-da-fapesp","status":"publish","type":"post","link":"https:\/\/migracao.redenoticia.com.br\/noticia\/2016\/pos-doutorado-em-pesquisa-social-e-educacao-com-bolsa-da-fapesp\/102456","title":{"rendered":"P\u00f3s-doutorado em Pesquisa Social e Educa\u00e7\u00e3o com Bolsa da FAPESP"},"content":{"rendered":"<p> Ag\u00eancia FAPESP \u2013 A Faculdade de Engenharia de Guaratinguet\u00e1, da Universidade Estadual Paulista (Unesp), oferece uma oportunidade de <strong><em>P\u00f3s-doutorado em Pesquisa Social e Educa\u00e7\u00e3o<\/em><\/strong> com bolsa da FAPESP. O prazo de inscri\u00e7\u00e3o encerra em 2 de janeiro de 2017. A bolsa est\u00e1 vinculada ao Projeto Tem\u00e1tico &#8220;&#8221;, uma colabora\u00e7\u00e3o entre a Unesp de Guaratinguet\u00e1 e as universidades de Birmingham, Northampton e Leicester, aprovada na  &#8220;Healthy Urban Living and the Social Science of the Food-Water-Energy Nexus &#8211; 2015&#8221;.<\/p>\n<p>O bolsista ir\u00e1 integrar o Grupo de Pesquisa em Modelagem de Sistemas e Processos T\u00e9rmicos e Hidr\u00e1ulicos da Unesp, em Guaratinguet\u00e1, sob a supervis\u00e3o do pesquisador principal do projeto, Jos\u00e9 Antonio Perrella Balestieri.<\/p>\n<p>As rela\u00e7\u00f5es entre recursos h\u00eddricos, energ\u00e9ticos e alimentos t\u00eam sido objeto de intenso estudo por parte da comunidade cient\u00edfica mundial, compondo o chamado &#8220;nexo \u00e1gua-energia-alimento&#8221;. Essa \u00e1rea de pesquisa se justifica pelo fato de esses recursos serem fundamentais para o desenvolvimento sustent\u00e1vel e estarem sujeitos a press\u00f5es de mesma natureza (por exemplo, press\u00f5es demogr\u00e1ficas, econ\u00f4micas e clim\u00e1ticas), segundo o pesquisador.<\/p>\n<p>&#8220;Al\u00e9m desses fatores, a complexidade do nexo \u00e9 aumentada pela interdepend\u00eancia entre os setores produtores desses recursos. Observa-se uma necessidade real de se entender a percep\u00e7\u00e3o, a viv\u00eancia e o aprendizado das pessoas, os usu\u00e1rios finais desses recursos, sobre as interrela\u00e7\u00f5es entre eles. Esse entendimento possibilita abordar quest\u00f5es cruciais, como a igualdade de acesso, a resili\u00eancia \u00e0s press\u00f5es sobre os recursos e o papel da educa\u00e7\u00e3o na resposta \u00e0s necessidades e aspira\u00e7\u00f5es das diversas comunidades&#8221;.<\/p>\n<p>No Brasil, as crian\u00e7as e os jovens (com idades entre 10 e 24 anos) constituem um grupo demogr\u00e1fico e social muito importante, representando 42% da popula\u00e7\u00e3o. Al\u00e9m disso, sabe-se que em diversos contextos globais os jovens s\u00e3o fundamentais em termos de acesso aos recursos, produtividade econ\u00f4mica, coes\u00e3o social e vida comunit\u00e1ria. No entanto, poucas pesquisas abordam o papel e a percep\u00e7\u00e3o dos jovens sobre o nexo \u00e1gua-energia-alimento.<\/p>\n<p>O projeto (Re)Connect the Nexus pretende contribuir com o entendimento do papel do jovem nas quest\u00f5es relacionadas ao nexo \u00e1gua-energia-alimento. A faixa et\u00e1ria estudada foi definida considerando que crian\u00e7as acima de 10 anos e jovens at\u00e9 24 anos s\u00e3o o principal p\u00fablico-alvo de programas de educa\u00e7\u00e3o, principalmente o Educa\u00e7\u00e3o para a Sustentabilidade, e tamb\u00e9m pela maior capacidade reflexiva e de envolvimento desta faixa et\u00e1ria em rela\u00e7\u00e3o a crian\u00e7as mais novas.<\/p>\n<p>O bolsista selecionado, dentre outras atividades, auxiliar\u00e1 o coordenador do projeto e os pesquisadores na coleta de dados quantitativos e qualitativos entre jovens da Regi\u00e3o Metropolitana do Vale do Para\u00edba e Litoral Norte do Estado de S\u00e3o Paulo, na an\u00e1lise e interpreta\u00e7\u00e3o de dados, bem como na aplica\u00e7\u00e3o de question\u00e1rio espec\u00edfico acerca de quest\u00f5es do projeto.<\/p>\n<p>Os candidatos devem ter conclu\u00eddo o doutorado em Engenharia, Planejamento urbano\/regional, Geografia ou \u00e1reas afins, e possuir preferencialmente experi\u00eancia com pesquisas sociais envolvendo tratamento estat\u00edstico de dados. A sele\u00e7\u00e3o ser\u00e1 baseada no curr\u00edculo dos candidatos e no potencial de contribui\u00e7\u00e3o para a \u00e1rea do Projeto Tem\u00e1tico.<\/p>\n<p>Os interessados dever\u00e3o encaminhar duas cartas de recomenda\u00e7\u00e3o, uma carta de interesse, curr\u00edculo Lattes atualizado, incluindo detalhes de pesquisas j\u00e1 realizadas. Todos os documentos dever\u00e3o ser enviados por e-mail, em um \u00fanico arquivo em PDF, para Jos\u00e9 Antonio Perrella Balestieri no endere\u00e7o perrella@feg.unesp.br.<\/p>\n<p>Questionamentos podem ser direcionados para o mesmo endere\u00e7o eletr\u00f4nico ou para Mateus Ricardo Nogueira Vilanova no endere\u00e7o mateus.vilanova@ict.unesp.br.<\/p>\n<p>A oportunidade est\u00e1 publicada em .<\/p>\n<p>O selecionado receber\u00e1 Bolsa de P\u00f3s-Doutorado da FAPESP no valor de R$ 6.819,30 mensais e Reserva T\u00e9cnica. A Reserva T\u00e9cnica de Bolsa de PD equivale a 15% do valor anual da bolsa e tem o objetivo de atender a despesas imprevistas e diretamente relacionadas \u00e0 atividade de pesquisa.<\/p>\n<p>Caso o bolsista de PD resida em domic\u00edlio diferente e precise se mudar para a cidade onde se localiza a institui\u00e7\u00e3o-sede da pesquisa, poder\u00e1 ter direito a um Aux\u00edlio-Instala\u00e7\u00e3o.<\/p>\n<p>Mais informa\u00e7\u00f5es sobre a Bolsa de P\u00f3s-Doutorado da FAPESP est\u00e3o dispon\u00edveis em .<\/p>\n<p>Outras vagas de bolsas, em diversas \u00e1reas do conhecimento, est\u00e3o no site .<\/p>\n","protected":false},"excerpt":{"rendered":"<p>Ag\u00eancia FAPESP \u2013 A Faculdade de Engenharia de Guaratinguet\u00e1, da Universidade Estadual Paulista (Unesp), oferece uma oportunidade de P\u00f3s-doutorado em Pesquisa Social e Educa\u00e7\u00e3o com bolsa da FAPESP. O prazo de inscri\u00e7\u00e3o encerra em 2 de janeiro de 2017. A bolsa est\u00e1 vinculada ao Projeto Tem\u00e1tico &#8220;&#8221;, uma colabora\u00e7\u00e3o entre a Unesp de Guaratinguet\u00e1 e [&hellip;]<\/p>\n","protected":false},"author":2,"featured_media":34767,"comment_status":"open","ping_status":"closed","sticky":false,"template":"","format":"standard","meta":{"tdm_status":"","tdm_grid_status":"","footnotes":""},"categories":[22,370,353],"tags":[],"class_list":{"0":"post-102456","1":"post","2":"type-post","3":"status-publish","4":"format-standard","5":"has-post-thumbnail","7":"category-brasil","8":"category-inscricao","9":"category-oportunidades"},"_links":{"self":[{"href":"https:\/\/migracao.redenoticia.com.br\/noticia\/wp-json\/wp\/v2\/posts\/102456","targetHints":{"allow":["GET"]}}],"collection":[{"href":"https:\/\/migracao.redenoticia.com.br\/noticia\/wp-json\/wp\/v2\/posts"}],"about":[{"href":"https:\/\/migracao.redenoticia.com.br\/noticia\/wp-json\/wp\/v2\/types\/post"}],"author":[{"embeddable":true,"href":"https:\/\/migracao.redenoticia.com.br\/noticia\/wp-json\/wp\/v2\/users\/2"}],"replies":[{"embeddable":true,"href":"https:\/\/migracao.redenoticia.com.br\/noticia\/wp-json\/wp\/v2\/comments?post=102456"}],"version-history":[{"count":0,"href":"https:\/\/migracao.redenoticia.com.br\/noticia\/wp-json\/wp\/v2\/posts\/102456\/revisions"}],"wp:featuredmedia":[{"embeddable":true,"href":"https:\/\/migracao.redenoticia.com.br\/noticia\/wp-json\/wp\/v2\/media\/34767"}],"wp:attachment":[{"href":"https:\/\/migracao.redenoticia.com.br\/noticia\/wp-json\/wp\/v2\/media?parent=102456"}],"wp:term":[{"taxonomy":"category","embeddable":true,"href":"https:\/\/migracao.redenoticia.com.br\/noticia\/wp-json\/wp\/v2\/categories?post=102456"},{"taxonomy":"post_tag","embeddable":true,"href":"https:\/\/migracao.redenoticia.com.br\/noticia\/wp-json\/wp\/v2\/tags?post=102456"}],"curies":[{"name":"wp","href":"https:\/\/api.w.org\/{rel}","templated":true}]}}