{"id":102462,"date":"2016-12-20T07:20:35","date_gmt":"2016-12-20T09:20:35","guid":{"rendered":"http:\/\/www.redenoticia.com.br\/noticia\/?p=102462"},"modified":"2016-12-20T07:20:35","modified_gmt":"2016-12-20T09:20:35","slug":"uniara-oferece-pos-graduacao-em-biotecnologia-em-medicina-regenerativa","status":"publish","type":"post","link":"https:\/\/migracao.redenoticia.com.br\/noticia\/2016\/uniara-oferece-pos-graduacao-em-biotecnologia-em-medicina-regenerativa\/102462","title":{"rendered":"Uniara oferece p\u00f3s-gradua\u00e7\u00e3o em Biotecnologia em Medicina Regenerativa"},"content":{"rendered":"<p> Ag\u00eancia FAPESP \u2013 A Universidade de Araraquara (Uniara) est\u00e1 com inscri\u00e7\u00f5es abertas para o Programa de <strong><em>P\u00f3s-gradua\u00e7\u00e3o Stricto Sensu em Biotecnologia em Medicina Regenerativa e Qu\u00edmica Medicinal<\/em><\/strong>. No mestrado, com dura\u00e7\u00e3o de 24 meses, o objetivo \u00e9 formar profissionais com qualifica\u00e7\u00e3o t\u00e9cnico-cient\u00edfica para exercer atividades de ensino e extens\u00e3o na \u00e1rea de biotecnologia em Medicina e Sa\u00fade.<\/p>\n<p>No doutorado, com dura\u00e7\u00e3o de 48 meses, o objetivo \u00e9 formar profissionais com qualifica\u00e7\u00e3o t\u00e9cnico-cient\u00edfica que permita, primordialmente, exercer atividades de ensino, pesquisa e extens\u00e3o na \u00e1rea de Biotecnologia aplicada \u00e0s \u00e1reas da Medicina Regenerativa e Qu\u00edmica Medicinal, em n\u00edvel de gradua\u00e7\u00e3o e p\u00f3s-gradua\u00e7\u00e3o.<\/p>\n<p>As linhas de pesquisa do Programa de P\u00f3s-gradua\u00e7\u00e3o da Uniara s\u00e3o Medicina Regenerativa e Engenharia de Tecidos e Qu\u00edmica Medicinal e Biopol\u00edmeros.<\/p>\n<p>Os grupos de pesquisa s\u00e3o Grupo de Pesquisa em Qu\u00edmica Medicinal e Medicina Regenerativa (Quimmera), Grupo de Pesquisa em Biopol\u00edmeros e Biomateriais (BioPolMat) e Grupo de Pesquisa de Engenharia de Produ\u00e7\u00e3o Aplicada a Biotecnologia (EPBio).<\/p>\n<p>O ingresso para mestrado ou doutorado \u00e9 feito por meio de processo seletivo, em tr\u00eas etapas: an\u00e1lise do curr\u00edculo pela comiss\u00e3o de sele\u00e7\u00e3o; reda\u00e7\u00e3o; e entrevista.<\/p>\n<p>As inscri\u00e7\u00f5es podem ser feitas at\u00e9 27 de janeiro de 2017. Os cursos ter\u00e3o in\u00edcio em 6 de mar\u00e7o.<\/p>\n<p>Mais informa\u00e7\u00f5es: <\/p>\n","protected":false},"excerpt":{"rendered":"<p>Ag\u00eancia FAPESP \u2013 A Universidade de Araraquara (Uniara) est\u00e1 com inscri\u00e7\u00f5es abertas para o Programa de P\u00f3s-gradua\u00e7\u00e3o Stricto Sensu em Biotecnologia em Medicina Regenerativa e Qu\u00edmica Medicinal. No mestrado, com dura\u00e7\u00e3o de 24 meses, o objetivo \u00e9 formar profissionais com qualifica\u00e7\u00e3o t\u00e9cnico-cient\u00edfica para exercer atividades de ensino e extens\u00e3o na \u00e1rea de biotecnologia em Medicina [&hellip;]<\/p>\n","protected":false},"author":2,"featured_media":37376,"comment_status":"open","ping_status":"closed","sticky":false,"template":"","format":"standard","meta":{"tdm_status":"","tdm_grid_status":"","footnotes":""},"categories":[22,370,353],"tags":[],"class_list":{"0":"post-102462","1":"post","2":"type-post","3":"status-publish","4":"format-standard","5":"has-post-thumbnail","7":"category-brasil","8":"category-inscricao","9":"category-oportunidades"},"_links":{"self":[{"href":"https:\/\/migracao.redenoticia.com.br\/noticia\/wp-json\/wp\/v2\/posts\/102462","targetHints":{"allow":["GET"]}}],"collection":[{"href":"https:\/\/migracao.redenoticia.com.br\/noticia\/wp-json\/wp\/v2\/posts"}],"about":[{"href":"https:\/\/migracao.redenoticia.com.br\/noticia\/wp-json\/wp\/v2\/types\/post"}],"author":[{"embeddable":true,"href":"https:\/\/migracao.redenoticia.com.br\/noticia\/wp-json\/wp\/v2\/users\/2"}],"replies":[{"embeddable":true,"href":"https:\/\/migracao.redenoticia.com.br\/noticia\/wp-json\/wp\/v2\/comments?post=102462"}],"version-history":[{"count":0,"href":"https:\/\/migracao.redenoticia.com.br\/noticia\/wp-json\/wp\/v2\/posts\/102462\/revisions"}],"wp:featuredmedia":[{"embeddable":true,"href":"https:\/\/migracao.redenoticia.com.br\/noticia\/wp-json\/wp\/v2\/media\/37376"}],"wp:attachment":[{"href":"https:\/\/migracao.redenoticia.com.br\/noticia\/wp-json\/wp\/v2\/media?parent=102462"}],"wp:term":[{"taxonomy":"category","embeddable":true,"href":"https:\/\/migracao.redenoticia.com.br\/noticia\/wp-json\/wp\/v2\/categories?post=102462"},{"taxonomy":"post_tag","embeddable":true,"href":"https:\/\/migracao.redenoticia.com.br\/noticia\/wp-json\/wp\/v2\/tags?post=102462"}],"curies":[{"name":"wp","href":"https:\/\/api.w.org\/{rel}","templated":true}]}}