{"id":102906,"date":"2016-12-26T19:57:58","date_gmt":"2016-12-26T21:57:58","guid":{"rendered":"http:\/\/www.redenoticia.com.br\/noticia\/?p=102906"},"modified":"2016-12-25T20:59:03","modified_gmt":"2016-12-25T22:59:03","slug":"novela-ezel-resumo-2712-cengiz-e-eysan-discutem","status":"publish","type":"post","link":"https:\/\/migracao.redenoticia.com.br\/noticia\/2016\/novela-ezel-resumo-2712-cengiz-e-eysan-discutem\/102906","title":{"rendered":"Novela \u201cEzel\u201d resumo 27\/12: Cengiz e Eysan discutem"},"content":{"rendered":"<p> <img loading=\"lazy\" decoding=\"async\" class=\"alignleft size-thumbnail wp-image-98061\" src=\"https:\/\/migracao.redenoticia.com.br\/noticia\/imagens\/ezel_novela_band_resumo-150x112.jpg\" alt=\"ezel_novela_band_resumo\" width=\"150\" height=\"112\" srcset=\"https:\/\/migracao.redenoticia.com.br\/noticia\/imagens\/ezel_novela_band_resumo-150x112.jpg 150w, https:\/\/migracao.redenoticia.com.br\/noticia\/imagens\/ezel_novela_band_resumo-265x198.jpg 265w\" sizes=\"auto, (max-width: 150px) 100vw, 150px\" \/><strong><em> Novela \u201cEzel\u201d resumo 27\/12<\/em><\/strong>: Eysan e Ezel se encontram por acaso em um restaurante e percebem a grande atra\u00e7\u00e3o que h\u00e1 entre eles. Os dois se declaram e Eysan chora. Serdar vai \u00e0 casa de Eysan para conversar com Bahar e ela s\u00f3 fala de Ezel. Serdar diz a Cenguiz que Ezel se comporta como Omer. Cengiz e Eysan discutem e ele pede que ela v\u00e1 embora sem levar Yan.<\/p>\n<p>No capitulo 044 (*), novela \u201cEzel\u201d, ter\u00e7a-feira, 27 de dezembro &#8211; Serdar vai \u00e0 casa de Eysan para conversar com Bahar e ela s\u00f3 fala de Ezel. Sebnem e Ezel visitam Kamil no hospital. Serdar diz a Cenguiz que Ezel se comporta como Omer. Cengiz e Eysan discutem na cozinha e ele pede que ela v\u00e1 embora sem levar Yan.<\/p>\n<p> Cengiz vai ao encontro de Ramiz para amea\u00e7\u00e1-lo e n\u00e3o percebe que est\u00e1 cercado pelos homens de Ramiz. Eysan desiste de sair de casa. Ezel chega ao cassino e v\u00ea Serdar, mas n\u00e3o consegue se lembrar de onde o conhece. A tia de Eysan liga para Meli\u00e1 dizendo que tem uma carta para ela.<\/p>\n<p> Ezel chega em casa e v\u00ea Eysan na porta. Ela n\u00e3o consegue explicar porque veio e os dois quase se beijam. Eysan foge. Ezel v\u00ea fotos de Serdar tentando descobrir de onde o conhece. Ezel persegue Eysan no meio da rua e os dois se beijam em p\u00fablico. <\/p>\n<p>(*) edi\u00e7\u00e3o da Band, Novela \u201cEzel\u201d, sujeito a altera\u00e7\u00e3o de data e conte\u00fado.<\/p>\n","protected":false},"excerpt":{"rendered":"<p>Novela \u201cEzel\u201d resumo 27\/12: Eysan e Ezel se encontram por acaso em um restaurante e percebem a grande atra\u00e7\u00e3o que h\u00e1 entre eles. Os dois se declaram e Eysan chora. Serdar vai \u00e0 casa de Eysan para conversar com Bahar e ela s\u00f3 fala de Ezel. Serdar diz a Cenguiz que Ezel se comporta como [&hellip;]<\/p>\n","protected":false},"author":2,"featured_media":98061,"comment_status":"open","ping_status":"closed","sticky":false,"template":"","format":"standard","meta":{"tdm_status":"","tdm_grid_status":"","footnotes":""},"categories":[390,379,343],"tags":[441],"class_list":{"0":"post-102906","1":"post","2":"type-post","3":"status-publish","4":"format-standard","5":"has-post-thumbnail","7":"category-band","8":"category-novelas","9":"category-televisao","10":"tag-resumo-do-dia"},"_links":{"self":[{"href":"https:\/\/migracao.redenoticia.com.br\/noticia\/wp-json\/wp\/v2\/posts\/102906","targetHints":{"allow":["GET"]}}],"collection":[{"href":"https:\/\/migracao.redenoticia.com.br\/noticia\/wp-json\/wp\/v2\/posts"}],"about":[{"href":"https:\/\/migracao.redenoticia.com.br\/noticia\/wp-json\/wp\/v2\/types\/post"}],"author":[{"embeddable":true,"href":"https:\/\/migracao.redenoticia.com.br\/noticia\/wp-json\/wp\/v2\/users\/2"}],"replies":[{"embeddable":true,"href":"https:\/\/migracao.redenoticia.com.br\/noticia\/wp-json\/wp\/v2\/comments?post=102906"}],"version-history":[{"count":0,"href":"https:\/\/migracao.redenoticia.com.br\/noticia\/wp-json\/wp\/v2\/posts\/102906\/revisions"}],"wp:featuredmedia":[{"embeddable":true,"href":"https:\/\/migracao.redenoticia.com.br\/noticia\/wp-json\/wp\/v2\/media\/98061"}],"wp:attachment":[{"href":"https:\/\/migracao.redenoticia.com.br\/noticia\/wp-json\/wp\/v2\/media?parent=102906"}],"wp:term":[{"taxonomy":"category","embeddable":true,"href":"https:\/\/migracao.redenoticia.com.br\/noticia\/wp-json\/wp\/v2\/categories?post=102906"},{"taxonomy":"post_tag","embeddable":true,"href":"https:\/\/migracao.redenoticia.com.br\/noticia\/wp-json\/wp\/v2\/tags?post=102906"}],"curies":[{"name":"wp","href":"https:\/\/api.w.org\/{rel}","templated":true}]}}