{"id":102924,"date":"2016-12-27T06:10:50","date_gmt":"2016-12-27T08:10:50","guid":{"rendered":"http:\/\/www.redenoticia.com.br\/noticia\/?p=102924"},"modified":"2016-12-26T16:11:59","modified_gmt":"2016-12-26T18:11:59","slug":"pesquisa-alerta-para-riscos-de-cancer-de-pele","status":"publish","type":"post","link":"https:\/\/migracao.redenoticia.com.br\/noticia\/2016\/pesquisa-alerta-para-riscos-de-cancer-de-pele\/102924","title":{"rendered":"Pesquisa alerta para riscos de c\u00e2ncer de pele"},"content":{"rendered":"<p> As altas temperaturas, t\u00edpicas do ver\u00e3o brasileiro, exigem medidas e cuidados para combater e prevenir o <strong><em>c\u00e2ncer da pele<\/em><\/strong>, o de maior incid\u00eancia no Brasil e nos demais pa\u00edses. Pesquisa da Sociedade Brasileira de Dermatologia (SBD) aponta que 4,5 milh\u00f5es de brasileiros j\u00e1 tiveram c\u00e2ncer da pele.<\/p>\n<p>A Organiza\u00e7\u00e3o Mundial da Sa\u00fade (OMS) prev\u00ea que, no ano 2030, ser\u00e3o registrados 27 milh\u00f5es de casos novos de c\u00e2ncer, 17 milh\u00f5es de mortes pela doen\u00e7a e 75 milh\u00f5es de pessoas vivendo com c\u00e2ncer. O maior efeito desse aumento incidir\u00e1 em pa\u00edses em desenvolvimento. No Brasil, o c\u00e2ncer j\u00e1 \u00e9 a segunda causa de morte por doen\u00e7as, atr\u00e1s apenas das doen\u00e7as do aparelho circulat\u00f3rio.<\/p>\n<p>A pesquisa aponta, ainda, que mais de 100 milh\u00f5es de brasileiros se exp\u00f5em ao sol de forma intencional nas atividades de lazer, 3% dos brasileiros n\u00e3o usam protetor solar no seu dia a dia e 6 milh\u00f5es de brasileiros adultos n\u00e3o se protegem de forma alguma quando est\u00e3o na praia, piscina, cachoeira, banho de rio ou lago.<\/p>\n<p>O estudo indica, tamb\u00e9m, que &#8211; dos entrevistados que t\u00eam filhos at\u00e9 15 anos &#8211; 20% dessas crian\u00e7as e adolescentes n\u00e3o se protegem de forma alguma nas atividades de lazer. Se a an\u00e1lise incluir as classes D\/E, o percentual sobe para 35%.<\/p>\n<p>Erros aumentam casos da doen\u00e7a<\/p>\n<p>Erros comuns, que as pessoas cometem no cuidado com a pele, aumentam a incid\u00eancia de c\u00e2ncer. Segundo a Sociedade Brasileira de Dermatologia, n\u00e3o usar filtro solar diariamente, n\u00e3o reaplicar o filtro solar, achar que em dias nublados ou chuvosos n\u00e3o precisa do filtro e usar maquiagens, que contenham filtro e achar que s\u00f3 isso j\u00e1 \u00e9 o suficiente para se proteger s\u00e3o os erros mais frequentes.<\/p>\n<p>Outros erros apontados s\u00e3o usar filtro solar s\u00f3 no rosto e esquecer do corpo, se expor ao sol e querer se bronzear, fazer bronzeamento artificial e n\u00e3o ir ao dermatologista regularmente.<br \/>\nA recomenda\u00e7\u00e3o \u00e9 se proteger do sol, usar o filtro solar diariamente, fazer o autoexame da pele e ir ao dermatologista. Segundo a SBD, \u201co sol n\u00e3o \u00e9 um vil\u00e3o, mas a exposi\u00e7\u00e3o solar indiscriminada, desprotegida e intermitente pode torn\u00e1-lo um vil\u00e3o por ele ser o principal fator de risco para o c\u00e2ncer da pele\u201d.<\/p>\n<p>Da Ag\u00eancia Brasil<br \/>\nEdi\u00e7\u00e3o: Kleber Sampaio<br \/>\n27\/12\/2016<\/p>\n","protected":false},"excerpt":{"rendered":"<p>As altas temperaturas, t\u00edpicas do ver\u00e3o brasileiro, exigem medidas e cuidados para combater e prevenir o c\u00e2ncer da pele, o de maior incid\u00eancia no Brasil e nos demais pa\u00edses. Pesquisa da Sociedade Brasileira de Dermatologia (SBD) aponta que 4,5 milh\u00f5es de brasileiros j\u00e1 tiveram c\u00e2ncer da pele. A Organiza\u00e7\u00e3o Mundial da Sa\u00fade (OMS) prev\u00ea que, [&hellip;]<\/p>\n","protected":false},"author":2,"featured_media":21774,"comment_status":"open","ping_status":"closed","sticky":false,"template":"","format":"standard","meta":{"tdm_status":"","tdm_grid_status":"","footnotes":""},"categories":[22,5],"tags":[],"class_list":{"0":"post-102924","1":"post","2":"type-post","3":"status-publish","4":"format-standard","5":"has-post-thumbnail","7":"category-brasil","8":"category-saude-e-vida"},"_links":{"self":[{"href":"https:\/\/migracao.redenoticia.com.br\/noticia\/wp-json\/wp\/v2\/posts\/102924","targetHints":{"allow":["GET"]}}],"collection":[{"href":"https:\/\/migracao.redenoticia.com.br\/noticia\/wp-json\/wp\/v2\/posts"}],"about":[{"href":"https:\/\/migracao.redenoticia.com.br\/noticia\/wp-json\/wp\/v2\/types\/post"}],"author":[{"embeddable":true,"href":"https:\/\/migracao.redenoticia.com.br\/noticia\/wp-json\/wp\/v2\/users\/2"}],"replies":[{"embeddable":true,"href":"https:\/\/migracao.redenoticia.com.br\/noticia\/wp-json\/wp\/v2\/comments?post=102924"}],"version-history":[{"count":0,"href":"https:\/\/migracao.redenoticia.com.br\/noticia\/wp-json\/wp\/v2\/posts\/102924\/revisions"}],"wp:featuredmedia":[{"embeddable":true,"href":"https:\/\/migracao.redenoticia.com.br\/noticia\/wp-json\/wp\/v2\/media\/21774"}],"wp:attachment":[{"href":"https:\/\/migracao.redenoticia.com.br\/noticia\/wp-json\/wp\/v2\/media?parent=102924"}],"wp:term":[{"taxonomy":"category","embeddable":true,"href":"https:\/\/migracao.redenoticia.com.br\/noticia\/wp-json\/wp\/v2\/categories?post=102924"},{"taxonomy":"post_tag","embeddable":true,"href":"https:\/\/migracao.redenoticia.com.br\/noticia\/wp-json\/wp\/v2\/tags?post=102924"}],"curies":[{"name":"wp","href":"https:\/\/api.w.org\/{rel}","templated":true}]}}