{"id":102937,"date":"2016-12-26T20:55:44","date_gmt":"2016-12-26T22:55:44","guid":{"rendered":"http:\/\/www.redenoticia.com.br\/noticia\/?p=102937"},"modified":"2016-12-26T19:12:17","modified_gmt":"2016-12-26T21:12:17","slug":"novela-a-lei-do-amor-resumo-2712-pedro-comeca-a-seguir-magnolia","status":"publish","type":"post","link":"https:\/\/migracao.redenoticia.com.br\/noticia\/2016\/novela-a-lei-do-amor-resumo-2712-pedro-comeca-a-seguir-magnolia\/102937","title":{"rendered":"Novela \u201cA Lei do Amor\u201d resumo 27\/12: Pedro come\u00e7a a seguir Magn\u00f3lia"},"content":{"rendered":"<p><img loading=\"lazy\" decoding=\"async\" class=\"alignleft size-thumbnail wp-image-94887\" src=\"https:\/\/migracao.redenoticia.com.br\/noticia\/imagens\/a_lei_do_amor_resumo_novela_globo-150x112.jpg\" alt=\"a_lei_do_amor_resumo_novela_globo\" width=\"150\" height=\"112\" srcset=\"https:\/\/migracao.redenoticia.com.br\/noticia\/imagens\/a_lei_do_amor_resumo_novela_globo-150x112.jpg 150w, https:\/\/migracao.redenoticia.com.br\/noticia\/imagens\/a_lei_do_amor_resumo_novela_globo-265x198.jpg 265w\" sizes=\"auto, (max-width: 150px) 100vw, 150px\" \/><strong><em>Novela \u201cA Lei do Amor\u201d resumo 27\/12<\/em><\/strong>:\u00a0Fininho tenta matar\u00a0Fausto e, novamente, n\u00e3o consegue cumprir a miss\u00e3o. Por conta deste novo atentado, a casa da fam\u00edlia Leit\u00e3o est\u00e1 agitad\u00edssima e M\u00e1g decide rezar em seu quarto. Para o seu azar,\u00a0Pedro entra no c\u00f4modo sem bater e escuta quando ela diz que desta vez ela n\u00e3o foi a respons\u00e1vel pelo que aconteceu, e que a culpa foi muito mais dele do que dela. Pedro quer saber quem \u00e9 \u201cele\u201d e discute com Magn\u00f3lia. Ana Luiza, Pedro e o delegado veem as imagens da c\u00e2mera do escrit\u00f3rio. Hel\u00f4 fala o que viu antes do atentado e Pedro acredita que a mandante do crime seja Magn\u00f3lia. Mais tarde, Pedro pede a moto de Tiago emprestada, Magn\u00f3lia percebe que ele est\u00e1 a segu\u00ed-la e arma uma armadilha com Ciro. <\/p>\n<p>No cap\u00edtulo 074(*), novela \u201cA Lei do Amor\u201d, ter\u00e7a-feira, 27 de dezembro \u2013 Pedro discute com Magn\u00f3lia. Ana Luiza, Pedro e o delegado veem as imagens da c\u00e2mera do escrit\u00f3rio.<\/p>\n<p>Hel\u00f4 fala o que viu antes do atentado e Pedro acredita que a mandante do crime seja Magn\u00f3lia. Tiago fica encantado com Let\u00edcia. Ana Luiza e Elio ficam juntos no quarto de Vit\u00f3ria. Ti\u00e3o \u00e9 amea\u00e7ado por Valdir. Magn\u00f3lia exige que Hel\u00f4 mude o depoimento que deu para o delegado.<\/p>\n<p>Vit\u00f3ria fica nervosa ao saber que S\u00edlvia quer ter um neto. Pedro pede a moto de Tiago emprestada. Elio afirma ao delegado que todos os crimes que aconteceram em S\u00e3o Dimas est\u00e3o interligados. Magn\u00f3lia percebe Pedro a seguindo e arma uma armadilha com Ciro.<\/p>\n<p>(*) edi\u00e7\u00e3o da Rede Globo, Novela \u201cA Lei do Amor\u201d, sujeito a altera\u00e7\u00e3o de data e conte\u00fado.<\/p>\n","protected":false},"excerpt":{"rendered":"<p>Novela \u201cA Lei do Amor\u201d resumo 27\/12:\u00a0Fininho tenta matar\u00a0Fausto e, novamente, n\u00e3o consegue cumprir a miss\u00e3o. Por conta deste novo atentado, a casa da fam\u00edlia Leit\u00e3o est\u00e1 agitad\u00edssima e M\u00e1g decide rezar em seu quarto. Para o seu azar,\u00a0Pedro entra no c\u00f4modo sem bater e escuta quando ela diz que desta vez ela n\u00e3o foi [&hellip;]<\/p>\n","protected":false},"author":4,"featured_media":94887,"comment_status":"open","ping_status":"closed","sticky":false,"template":"","format":"standard","meta":{"tdm_status":"","tdm_grid_status":"","footnotes":""},"categories":[379,375,343],"tags":[441],"class_list":{"0":"post-102937","1":"post","2":"type-post","3":"status-publish","4":"format-standard","5":"has-post-thumbnail","7":"category-novelas","8":"category-rede-globo","9":"category-televisao","10":"tag-resumo-do-dia"},"_links":{"self":[{"href":"https:\/\/migracao.redenoticia.com.br\/noticia\/wp-json\/wp\/v2\/posts\/102937","targetHints":{"allow":["GET"]}}],"collection":[{"href":"https:\/\/migracao.redenoticia.com.br\/noticia\/wp-json\/wp\/v2\/posts"}],"about":[{"href":"https:\/\/migracao.redenoticia.com.br\/noticia\/wp-json\/wp\/v2\/types\/post"}],"author":[{"embeddable":true,"href":"https:\/\/migracao.redenoticia.com.br\/noticia\/wp-json\/wp\/v2\/users\/4"}],"replies":[{"embeddable":true,"href":"https:\/\/migracao.redenoticia.com.br\/noticia\/wp-json\/wp\/v2\/comments?post=102937"}],"version-history":[{"count":0,"href":"https:\/\/migracao.redenoticia.com.br\/noticia\/wp-json\/wp\/v2\/posts\/102937\/revisions"}],"wp:featuredmedia":[{"embeddable":true,"href":"https:\/\/migracao.redenoticia.com.br\/noticia\/wp-json\/wp\/v2\/media\/94887"}],"wp:attachment":[{"href":"https:\/\/migracao.redenoticia.com.br\/noticia\/wp-json\/wp\/v2\/media?parent=102937"}],"wp:term":[{"taxonomy":"category","embeddable":true,"href":"https:\/\/migracao.redenoticia.com.br\/noticia\/wp-json\/wp\/v2\/categories?post=102937"},{"taxonomy":"post_tag","embeddable":true,"href":"https:\/\/migracao.redenoticia.com.br\/noticia\/wp-json\/wp\/v2\/tags?post=102937"}],"curies":[{"name":"wp","href":"https:\/\/api.w.org\/{rel}","templated":true}]}}