{"id":102941,"date":"2016-12-26T18:25:48","date_gmt":"2016-12-26T20:25:48","guid":{"rendered":"http:\/\/www.redenoticia.com.br\/noticia\/?p=102941"},"modified":"2016-12-26T18:50:07","modified_gmt":"2016-12-26T20:50:07","slug":"novela-sol-nascente-resumo-2712-mario-reaproxima-se-de-loretta","status":"publish","type":"post","link":"https:\/\/migracao.redenoticia.com.br\/noticia\/2016\/novela-sol-nascente-resumo-2712-mario-reaproxima-se-de-loretta\/102941","title":{"rendered":"Novela \u201cSol Nascente\u201d resumo 27\/12: Mario resolve se reaproximar de Loretta"},"content":{"rendered":"<p><img loading=\"lazy\" decoding=\"async\" class=\"alignleft size-thumbnail wp-image-91714\" src=\"https:\/\/migracao.redenoticia.com.br\/noticia\/imagens\/sol_nascente_resumo_novela_globo-150x112.jpg\" alt=\"sol_nascente_resumo_novela_globo\" width=\"150\" height=\"112\" srcset=\"https:\/\/migracao.redenoticia.com.br\/noticia\/imagens\/sol_nascente_resumo_novela_globo-150x112.jpg 150w, https:\/\/migracao.redenoticia.com.br\/noticia\/imagens\/sol_nascente_resumo_novela_globo-265x198.jpg 265w\" sizes=\"auto, (max-width: 150px) 100vw, 150px\" \/><strong><em>Novela \u201cSol Nascente\u201d resumo 27\/12<\/em><\/strong>:\u00a0Vittorio conversa com Lenita e comenta que se preocupa com a rela\u00e7\u00e3o entre Mario e Loretta. Mais tarde, Loretta canta no karaok\u00ea de Lenita para chamar a aten\u00e7\u00e3o de Vittorio. Mesquita passa mal e Loretta o ampara. Milena, Peppino e Mario se surpreendem com a atitude profissional da m\u00e3e. Depois, Vittorio conversa com Mario sobre Loretta e este resolve se reaproximar de sua m\u00e3e. <\/p>\n<p>No cap\u00edtulo 103(*), novela \u201cSol Nascente\u201d, ter\u00e7a-feira, 27 de dezembro \u2013 Alice e Mario conversam sobre as atitudes de C\u00e9sar. Mocinha convence Tanaka a convidar C\u00e9sar e Jo\u00e3o Amaro para o Natal em sua casa. Vittorio comenta com Lenita que se preocupa com a rela\u00e7\u00e3o entre Mario e Loretta.<\/p>\n<p>Carol observa o romance entre Patrick e Ana. Loretta canta no karaok\u00ea de Lenita para chamar a aten\u00e7\u00e3o de Vittorio. Mesquita passa mal e Loretta o ampara.<\/p>\n<p>Milena, Peppino e Mario se surpreendem com a atitude profissional da m\u00e3e. Ralf garante a Hir\u00f4 que est\u00e1 apaixonado por Milena e a aconselha sobre seu casamento. Vittorio conversa com Mario sobre Loretta. Ralf presenteia Milena. Mario se reaproxima de Loretta.<\/p>\n<p>(*) edi\u00e7\u00e3o da Rede Globo, Novela \u201cSol Nascente\u201d, sujeito a altera\u00e7\u00e3o de data e conte\u00fado.<\/p>\n","protected":false},"excerpt":{"rendered":"<p>Novela \u201cSol Nascente\u201d resumo 27\/12:\u00a0Vittorio conversa com Lenita e comenta que se preocupa com a rela\u00e7\u00e3o entre Mario e Loretta. Mais tarde, Loretta canta no karaok\u00ea de Lenita para chamar a aten\u00e7\u00e3o de Vittorio. Mesquita passa mal e Loretta o ampara. Milena, Peppino e Mario se surpreendem com a atitude profissional da m\u00e3e. Depois, Vittorio [&hellip;]<\/p>\n","protected":false},"author":4,"featured_media":91714,"comment_status":"open","ping_status":"closed","sticky":false,"template":"","format":"standard","meta":{"tdm_status":"","tdm_grid_status":"","footnotes":""},"categories":[379,375,343],"tags":[441],"class_list":{"0":"post-102941","1":"post","2":"type-post","3":"status-publish","4":"format-standard","5":"has-post-thumbnail","7":"category-novelas","8":"category-rede-globo","9":"category-televisao","10":"tag-resumo-do-dia"},"_links":{"self":[{"href":"https:\/\/migracao.redenoticia.com.br\/noticia\/wp-json\/wp\/v2\/posts\/102941","targetHints":{"allow":["GET"]}}],"collection":[{"href":"https:\/\/migracao.redenoticia.com.br\/noticia\/wp-json\/wp\/v2\/posts"}],"about":[{"href":"https:\/\/migracao.redenoticia.com.br\/noticia\/wp-json\/wp\/v2\/types\/post"}],"author":[{"embeddable":true,"href":"https:\/\/migracao.redenoticia.com.br\/noticia\/wp-json\/wp\/v2\/users\/4"}],"replies":[{"embeddable":true,"href":"https:\/\/migracao.redenoticia.com.br\/noticia\/wp-json\/wp\/v2\/comments?post=102941"}],"version-history":[{"count":0,"href":"https:\/\/migracao.redenoticia.com.br\/noticia\/wp-json\/wp\/v2\/posts\/102941\/revisions"}],"wp:featuredmedia":[{"embeddable":true,"href":"https:\/\/migracao.redenoticia.com.br\/noticia\/wp-json\/wp\/v2\/media\/91714"}],"wp:attachment":[{"href":"https:\/\/migracao.redenoticia.com.br\/noticia\/wp-json\/wp\/v2\/media?parent=102941"}],"wp:term":[{"taxonomy":"category","embeddable":true,"href":"https:\/\/migracao.redenoticia.com.br\/noticia\/wp-json\/wp\/v2\/categories?post=102941"},{"taxonomy":"post_tag","embeddable":true,"href":"https:\/\/migracao.redenoticia.com.br\/noticia\/wp-json\/wp\/v2\/tags?post=102941"}],"curies":[{"name":"wp","href":"https:\/\/api.w.org\/{rel}","templated":true}]}}