{"id":102943,"date":"2016-12-26T18:05:44","date_gmt":"2016-12-26T20:05:44","guid":{"rendered":"http:\/\/www.redenoticia.com.br\/noticia\/?p=102943"},"modified":"2016-12-26T18:48:14","modified_gmt":"2016-12-26T20:48:14","slug":"novela-malhacao-resumo-2712-jorgao-se-emociona-com-a-luta-de-romulo","status":"publish","type":"post","link":"https:\/\/migracao.redenoticia.com.br\/noticia\/2016\/novela-malhacao-resumo-2712-jorgao-se-emociona-com-a-luta-de-romulo\/102943","title":{"rendered":"Novela \u201cMalha\u00e7\u00e3o\u201d resumo 27\/12: Jorg\u00e3o se emociona com a luta de R\u00f4mulo"},"content":{"rendered":"<p><img loading=\"lazy\" decoding=\"async\" class=\"alignleft size-thumbnail wp-image-91715\" src=\"https:\/\/migracao.redenoticia.com.br\/noticia\/imagens\/malhacao_pro_dia_nascer_feliz_resumo_novela-150x112.jpg\" alt=\"malhacao_pro_dia_nascer_feliz_resumo_novela\" width=\"150\" height=\"112\" srcset=\"https:\/\/migracao.redenoticia.com.br\/noticia\/imagens\/malhacao_pro_dia_nascer_feliz_resumo_novela-150x112.jpg 150w, https:\/\/migracao.redenoticia.com.br\/noticia\/imagens\/malhacao_pro_dia_nascer_feliz_resumo_novela-265x198.jpg 265w\" sizes=\"auto, (max-width: 150px) 100vw, 150px\" \/><strong><em>Novela \u201cMalha\u00e7\u00e3o\u201d resumo 27\/12<\/em><\/strong>:\u00a0R\u00f4mulo vai fazer sua estreia como lutador internacional sem\u00a0Nanda na plateia. Prestes a entrar no oct\u00f3gono, ele lamenta a aus\u00eancia da ex ao trocar de roupa no vesti\u00e1rio e\u00a0Belloto pede que o amigo foque na luta. A conversa \u00e9 interrompida por Jack, que traz Lopes pra visita-lo. R\u00f4mulo leva um susto com a visita e reage mal. Jack se irrita com a desconfian\u00e7a de R\u00f4mulo e Belloto. J\u00e9ssica e Nanda chegam para a luta de R\u00f4mulo, enquanto Jorj\u00e3o, Irene, Giovane, Gabriel, Krica e Cleyton assistem \u00e0 luta pela televis\u00e3o. Nanda n\u00e3o gosta de ver Jack pr\u00f3ximo a Lopes. Jorj\u00e3o se emociona com a performance de R\u00f4mulo.<\/p>\n<p>No cap\u00edtulo 092 (*), novela \u201cMalha\u00e7\u00e3o\u201d, ter\u00e7a-feira, 27 de dezembro \u2013 Manuela afirma a Joana que quer conhecer Toninho. Lopes visita R\u00f4mulo antes da luta. Tita reclama com Ricardo sobre o comportamento em rela\u00e7\u00e3o a Joana e Toninho.<\/p>\n<p>Jack se irrita com a desconfian\u00e7a de R\u00f4mulo e Belloto. J\u00e9ssica e Nanda chegam para a luta de R\u00f4mulo. Jorj\u00e3o, Irene, Giovane, Gabriel, Krica e Cleyton assistem \u00e0 luta de R\u00f4mulo pela televis\u00e3o.<\/p>\n<p>Nanda n\u00e3o gosta de ver Jack pr\u00f3ximo a Lopes. Jorj\u00e3o se emociona com a performance de R\u00f4mulo. Toninho se insinua para B\u00e1rbara. Ricardo questiona se Joana tem medo de Toninho.<\/p>\n<p>(*) edi\u00e7\u00e3o da Rede Globo, Novela \u201cMalha\u00e7\u00e3o\u201d, sujeito a altera\u00e7\u00e3o de data e conte\u00fado.<\/p>\n","protected":false},"excerpt":{"rendered":"<p>Novela \u201cMalha\u00e7\u00e3o\u201d resumo 27\/12:\u00a0R\u00f4mulo vai fazer sua estreia como lutador internacional sem\u00a0Nanda na plateia. Prestes a entrar no oct\u00f3gono, ele lamenta a aus\u00eancia da ex ao trocar de roupa no vesti\u00e1rio e\u00a0Belloto pede que o amigo foque na luta. A conversa \u00e9 interrompida por Jack, que traz Lopes pra visita-lo. R\u00f4mulo leva um susto com [&hellip;]<\/p>\n","protected":false},"author":4,"featured_media":91715,"comment_status":"open","ping_status":"closed","sticky":false,"template":"","format":"standard","meta":{"tdm_status":"","tdm_grid_status":"","footnotes":""},"categories":[447,379,375,343],"tags":[441],"class_list":{"0":"post-102943","1":"post","2":"type-post","3":"status-publish","4":"format-standard","5":"has-post-thumbnail","7":"category-malhacao","8":"category-novelas","9":"category-rede-globo","10":"category-televisao","11":"tag-resumo-do-dia"},"_links":{"self":[{"href":"https:\/\/migracao.redenoticia.com.br\/noticia\/wp-json\/wp\/v2\/posts\/102943","targetHints":{"allow":["GET"]}}],"collection":[{"href":"https:\/\/migracao.redenoticia.com.br\/noticia\/wp-json\/wp\/v2\/posts"}],"about":[{"href":"https:\/\/migracao.redenoticia.com.br\/noticia\/wp-json\/wp\/v2\/types\/post"}],"author":[{"embeddable":true,"href":"https:\/\/migracao.redenoticia.com.br\/noticia\/wp-json\/wp\/v2\/users\/4"}],"replies":[{"embeddable":true,"href":"https:\/\/migracao.redenoticia.com.br\/noticia\/wp-json\/wp\/v2\/comments?post=102943"}],"version-history":[{"count":0,"href":"https:\/\/migracao.redenoticia.com.br\/noticia\/wp-json\/wp\/v2\/posts\/102943\/revisions"}],"wp:featuredmedia":[{"embeddable":true,"href":"https:\/\/migracao.redenoticia.com.br\/noticia\/wp-json\/wp\/v2\/media\/91715"}],"wp:attachment":[{"href":"https:\/\/migracao.redenoticia.com.br\/noticia\/wp-json\/wp\/v2\/media?parent=102943"}],"wp:term":[{"taxonomy":"category","embeddable":true,"href":"https:\/\/migracao.redenoticia.com.br\/noticia\/wp-json\/wp\/v2\/categories?post=102943"},{"taxonomy":"post_tag","embeddable":true,"href":"https:\/\/migracao.redenoticia.com.br\/noticia\/wp-json\/wp\/v2\/tags?post=102943"}],"curies":[{"name":"wp","href":"https:\/\/api.w.org\/{rel}","templated":true}]}}