{"id":102948,"date":"2016-12-26T17:25:06","date_gmt":"2016-12-26T19:25:06","guid":{"rendered":"http:\/\/www.redenoticia.com.br\/noticia\/?p=102948"},"modified":"2016-12-26T18:45:48","modified_gmt":"2016-12-26T20:45:48","slug":"novela-cheias-de-charme-resumo-2712-sonia-e-valda-vao-ao-mesmo-restaurante","status":"publish","type":"post","link":"https:\/\/migracao.redenoticia.com.br\/noticia\/2016\/novela-cheias-de-charme-resumo-2712-sonia-e-valda-vao-ao-mesmo-restaurante\/102948","title":{"rendered":"Novela \u201cCheias de Charme\u201d resumo 27\/12: Sonia e Valda v\u00e3o ao mesmo restaurante"},"content":{"rendered":"<p><img loading=\"lazy\" decoding=\"async\" class=\"alignleft size-thumbnail wp-image-95548\" src=\"https:\/\/migracao.redenoticia.com.br\/noticia\/imagens\/cheias-de-charme-novela-globo-internacional-resumo-proximo-capitulo-150x112.jpg\" alt=\"cheias-de-charme-novela-globo-internacional-resumo-proximo-capitulo\" width=\"150\" height=\"112\" \/><strong><em>Novela \u201cCheias de Charme\u201d resumo 27\/12<\/em><\/strong>:\u00a0Rodinei cobra a conta dos Sarmento para S\u00f4nia na frente de todos na mercearia. Em contra partida, S\u00f4nia demite Liara. Mais tarde, M\u00e1slova se convida para ir a um jantar com os Sarmento e S\u00f4nia fica irritada. Cida convida Valda para jantar e acaba por ir ao mesmo restaurante que os Sarmento. S\u00f4nia se surpreende ao ver Valda com um vestido igual ao seu. <\/p>\n<p>No cap\u00edtulo 072(*), novela \u201cCheias de Charme\u201d, ter\u00e7a-feira, 27 de dezembro \u2013 Ros\u00e1rio fica encantada com Fabian. Heraldo percebe o entrosamento entre In\u00e1cio e Dinha. Ru\u00e7o n\u00e3o concorda que Sandro inscreva Patrick no concurso de dan\u00e7a sem consultar a ex-mulher.<\/p>\n<p>Penha pede para Lygia defender Socorro na audi\u00eancia contra Chayene. Sandro convence Patrick a n\u00e3o contar para a m\u00e3e que vai participar do concurso. Rodinei cobra a conta dos Sarmento para S\u00f4nia na frente de todos na mercearia. Fabian se oferece para ajudar Ros\u00e1rio a procurar um apartamento.<\/p>\n<p>Cida convida Valda para jantar. S\u00f4nia demite Liara. Chayene tira satisfa\u00e7\u00f5es com Fabian e Ros\u00e1rio n\u00e3o gosta. Penha chega em casa com seu carro novo e todos se divertem. Dinha chama In\u00e1cio para sair. M\u00e1slova se convida para ir a um jantar com os Sarmento e S\u00f4nia fica irritada. Cida vai ao mesmo restaurante que os Sarmento e S\u00f4nia se surpreende ao ver Valda com um vestido igual ao seu.<\/p>\n<p>(*) edi\u00e7\u00e3o da Rede Globo, Novela \u201cCheias de Charme\u201d, sujeito a altera\u00e7\u00e3o de data e conte\u00fado.<\/p>\n","protected":false},"excerpt":{"rendered":"<p>Novela \u201cCheias de Charme\u201d resumo 27\/12:\u00a0Rodinei cobra a conta dos Sarmento para S\u00f4nia na frente de todos na mercearia. Em contra partida, S\u00f4nia demite Liara. Mais tarde, M\u00e1slova se convida para ir a um jantar com os Sarmento e S\u00f4nia fica irritada. Cida convida Valda para jantar e acaba por ir ao mesmo restaurante que [&hellip;]<\/p>\n","protected":false},"author":4,"featured_media":95548,"comment_status":"open","ping_status":"closed","sticky":false,"template":"","format":"standard","meta":{"tdm_status":"","tdm_grid_status":"","footnotes":""},"categories":[379,375,343],"tags":[441],"class_list":{"0":"post-102948","1":"post","2":"type-post","3":"status-publish","4":"format-standard","5":"has-post-thumbnail","7":"category-novelas","8":"category-rede-globo","9":"category-televisao","10":"tag-resumo-do-dia"},"_links":{"self":[{"href":"https:\/\/migracao.redenoticia.com.br\/noticia\/wp-json\/wp\/v2\/posts\/102948","targetHints":{"allow":["GET"]}}],"collection":[{"href":"https:\/\/migracao.redenoticia.com.br\/noticia\/wp-json\/wp\/v2\/posts"}],"about":[{"href":"https:\/\/migracao.redenoticia.com.br\/noticia\/wp-json\/wp\/v2\/types\/post"}],"author":[{"embeddable":true,"href":"https:\/\/migracao.redenoticia.com.br\/noticia\/wp-json\/wp\/v2\/users\/4"}],"replies":[{"embeddable":true,"href":"https:\/\/migracao.redenoticia.com.br\/noticia\/wp-json\/wp\/v2\/comments?post=102948"}],"version-history":[{"count":0,"href":"https:\/\/migracao.redenoticia.com.br\/noticia\/wp-json\/wp\/v2\/posts\/102948\/revisions"}],"wp:featuredmedia":[{"embeddable":true,"href":"https:\/\/migracao.redenoticia.com.br\/noticia\/wp-json\/wp\/v2\/media\/95548"}],"wp:attachment":[{"href":"https:\/\/migracao.redenoticia.com.br\/noticia\/wp-json\/wp\/v2\/media?parent=102948"}],"wp:term":[{"taxonomy":"category","embeddable":true,"href":"https:\/\/migracao.redenoticia.com.br\/noticia\/wp-json\/wp\/v2\/categories?post=102948"},{"taxonomy":"post_tag","embeddable":true,"href":"https:\/\/migracao.redenoticia.com.br\/noticia\/wp-json\/wp\/v2\/tags?post=102948"}],"curies":[{"name":"wp","href":"https:\/\/api.w.org\/{rel}","templated":true}]}}