{"id":102973,"date":"2016-12-27T19:17:11","date_gmt":"2016-12-27T21:17:11","guid":{"rendered":"http:\/\/www.redenoticia.com.br\/noticia\/?p=102973"},"modified":"2016-12-26T18:22:24","modified_gmt":"2016-12-26T20:22:24","slug":"novela-ezel-resumo-2812-eysan-desiste-de-sair-de-casa","status":"publish","type":"post","link":"https:\/\/migracao.redenoticia.com.br\/noticia\/2016\/novela-ezel-resumo-2812-eysan-desiste-de-sair-de-casa\/102973","title":{"rendered":"Novela \u201cEzel\u201d resumo 28\/12: Eysan desiste de sair de casa"},"content":{"rendered":"<p> <img loading=\"lazy\" decoding=\"async\" class=\"alignleft size-thumbnail wp-image-98061\" src=\"https:\/\/migracao.redenoticia.com.br\/noticia\/imagens\/ezel_novela_band_resumo-150x112.jpg\" alt=\"ezel_novela_band_resumo\" width=\"150\" height=\"112\" srcset=\"https:\/\/migracao.redenoticia.com.br\/noticia\/imagens\/ezel_novela_band_resumo-150x112.jpg 150w, https:\/\/migracao.redenoticia.com.br\/noticia\/imagens\/ezel_novela_band_resumo-265x198.jpg 265w\" sizes=\"auto, (max-width: 150px) 100vw, 150px\" \/><strong><em> Novela \u201cEzel\u201d resumo 28\/12<\/em><\/strong>: Eysan e Ezel se encontram, conversam e se declaram. Serdar percebe a paix\u00e3o da filha e diz a Cengiz que Ezel se comporta como Omer. Logo depois, Cengiz e Eysan discutem e ele pede que ela v\u00e1 embora sem levar Yan. Eysan pensa no filho e desiste de sair de casa.<\/p>\n<p>No capitulo 045 (*), novela \u201cEzel\u201d, quarta-feira, 28 de dezembro &#8211; Cengiz vai ao encontro de Ramiz para amea\u00e7\u00e1-lo e n\u00e3o percebe que est\u00e1 cercado pelos homens de Ramiz. Eysan desiste de sair de casa. Ezel chega ao cassino e v\u00ea Serdar, mas n\u00e3o consegue se lembrar de onde o conhece. A tia de Eysan liga para Meli\u00e1 dizendo que tem uma carta para ela.<\/p>\n<p> Ezel chega em casa e v\u00ea Eysan na porta. Ela n\u00e3o consegue explicar porque veio e os dois quase se beijam. Eysan foge. Ezel v\u00ea fotos de Serdar tentando descobrir de onde o conhece. Ezel persegue Eysan no meio da rua e os dois se beijam em p\u00fablico.<\/p>\n<p> Tefo e Ali s\u00e3o perseguidos pelos homens de Ramiz, mas conseguem fugir de trem. Tefo aponta arma para Ali, mas desiste de mat\u00e1-lo. Serdar vai ao hospital e rouba a carta da tia de Eysan. A tia morre. <\/p>\n<p>(*) edi\u00e7\u00e3o da Band, Novela \u201cEzel\u201d, sujeito a altera\u00e7\u00e3o de data e conte\u00fado.<\/p>\n","protected":false},"excerpt":{"rendered":"<p>Novela \u201cEzel\u201d resumo 28\/12: Eysan e Ezel se encontram, conversam e se declaram. Serdar percebe a paix\u00e3o da filha e diz a Cengiz que Ezel se comporta como Omer. Logo depois, Cengiz e Eysan discutem e ele pede que ela v\u00e1 embora sem levar Yan. Eysan pensa no filho e desiste de sair de casa. [&hellip;]<\/p>\n","protected":false},"author":2,"featured_media":98061,"comment_status":"open","ping_status":"closed","sticky":false,"template":"","format":"standard","meta":{"tdm_status":"","tdm_grid_status":"","footnotes":""},"categories":[390,379,343],"tags":[441],"class_list":{"0":"post-102973","1":"post","2":"type-post","3":"status-publish","4":"format-standard","5":"has-post-thumbnail","7":"category-band","8":"category-novelas","9":"category-televisao","10":"tag-resumo-do-dia"},"_links":{"self":[{"href":"https:\/\/migracao.redenoticia.com.br\/noticia\/wp-json\/wp\/v2\/posts\/102973","targetHints":{"allow":["GET"]}}],"collection":[{"href":"https:\/\/migracao.redenoticia.com.br\/noticia\/wp-json\/wp\/v2\/posts"}],"about":[{"href":"https:\/\/migracao.redenoticia.com.br\/noticia\/wp-json\/wp\/v2\/types\/post"}],"author":[{"embeddable":true,"href":"https:\/\/migracao.redenoticia.com.br\/noticia\/wp-json\/wp\/v2\/users\/2"}],"replies":[{"embeddable":true,"href":"https:\/\/migracao.redenoticia.com.br\/noticia\/wp-json\/wp\/v2\/comments?post=102973"}],"version-history":[{"count":0,"href":"https:\/\/migracao.redenoticia.com.br\/noticia\/wp-json\/wp\/v2\/posts\/102973\/revisions"}],"wp:featuredmedia":[{"embeddable":true,"href":"https:\/\/migracao.redenoticia.com.br\/noticia\/wp-json\/wp\/v2\/media\/98061"}],"wp:attachment":[{"href":"https:\/\/migracao.redenoticia.com.br\/noticia\/wp-json\/wp\/v2\/media?parent=102973"}],"wp:term":[{"taxonomy":"category","embeddable":true,"href":"https:\/\/migracao.redenoticia.com.br\/noticia\/wp-json\/wp\/v2\/categories?post=102973"},{"taxonomy":"post_tag","embeddable":true,"href":"https:\/\/migracao.redenoticia.com.br\/noticia\/wp-json\/wp\/v2\/tags?post=102973"}],"curies":[{"name":"wp","href":"https:\/\/api.w.org\/{rel}","templated":true}]}}