{"id":103013,"date":"2016-12-27T18:25:13","date_gmt":"2016-12-27T20:25:13","guid":{"rendered":"http:\/\/www.redenoticia.com.br\/noticia\/?p=103013"},"modified":"2016-12-27T18:34:00","modified_gmt":"2016-12-27T20:34:00","slug":"novela-sol-nascente-resumo-2812-lenita-descobre-que-loretta-trabalhou-na-maternidade","status":"publish","type":"post","link":"https:\/\/migracao.redenoticia.com.br\/noticia\/2016\/novela-sol-nascente-resumo-2812-lenita-descobre-que-loretta-trabalhou-na-maternidade\/103013","title":{"rendered":"Novela \u201cSol Nascente\u201d resumo 28\/12: Loretta se emociona com a aproxima\u00e7\u00e3o de Mario"},"content":{"rendered":"<p><img loading=\"lazy\" decoding=\"async\" class=\"alignleft size-thumbnail wp-image-91714\" src=\"https:\/\/migracao.redenoticia.com.br\/noticia\/imagens\/sol_nascente_resumo_novela_globo-150x112.jpg\" alt=\"sol_nascente_resumo_novela_globo\" width=\"150\" height=\"112\" srcset=\"https:\/\/migracao.redenoticia.com.br\/noticia\/imagens\/sol_nascente_resumo_novela_globo-150x112.jpg 150w, https:\/\/migracao.redenoticia.com.br\/noticia\/imagens\/sol_nascente_resumo_novela_globo-265x198.jpg 265w\" sizes=\"auto, (max-width: 150px) 100vw, 150px\" \/><strong><em>Novela \u201cSol Nascente\u201d resumo 28\/12<\/em><\/strong>: ap\u00f3s socorrer Mesquita de um mal-estar na rua, Loretta volta do hospital direto para a ceia dos De Angeli\u00a0e \u00e9 surpreendida com as palavras e o zelo de Mario. Ele pergunta se a m\u00e3e ainda gosta de presunto com fios de ovos e Loretta se surpreende. Mario diz que est\u00e1 a come\u00e7ar a lembrar dos momentos e a chama de m\u00e3e. Loretta se emociona com a aproxima\u00e7\u00e3o de Mario. Mais tarde, Lenita ouve quando Loretta afirma a Vittorio que trabalhava na maternidade em que a empres\u00e1ria deu \u00e0 luz sua filha.<\/p>\n<p>No cap\u00edtulo 104(*), novela \u201cSol Nascente\u201d, quarta-feira, 28 de dezembro \u2013 Loretta se emociona com a aproxima\u00e7\u00e3o de Mario. Mario sugere um nome para sua filha, e todos comemoram.<\/p>\n<p>Mocinha, C\u00e9sar e Jo\u00e3o Amaro passam o Natal com a fam\u00edlia de Tanaka e Alice. A fam\u00edlia de Chica e Quirino comemora o Natal.<\/p>\n<p>C\u00e9sar tenta disfar\u00e7ar sua paix\u00e3o por Alice e afirma que contribuir\u00e1 com as investiga\u00e7\u00f5es de Damasceno. Felipe presenteia Sirlene e Lucas. Mario visita Carol. Tiago visita Yumi. Lenita ouve quando Loretta afirma a Vittorio que trabalhava na maternidade em que a empres\u00e1ria deu \u00e0 luz sua filha.<\/p>\n<p>(*) edi\u00e7\u00e3o da Rede Globo, Novela \u201cSol Nascente\u201d, sujeito a altera\u00e7\u00e3o de data e conte\u00fado.<\/p>\n","protected":false},"excerpt":{"rendered":"<p>Novela \u201cSol Nascente\u201d resumo 28\/12: ap\u00f3s socorrer Mesquita de um mal-estar na rua, Loretta volta do hospital direto para a ceia dos De Angeli\u00a0e \u00e9 surpreendida com as palavras e o zelo de Mario. Ele pergunta se a m\u00e3e ainda gosta de presunto com fios de ovos e Loretta se surpreende. Mario diz que est\u00e1 [&hellip;]<\/p>\n","protected":false},"author":4,"featured_media":91714,"comment_status":"open","ping_status":"closed","sticky":false,"template":"","format":"standard","meta":{"tdm_status":"","tdm_grid_status":"","footnotes":""},"categories":[379,375,343],"tags":[441],"class_list":{"0":"post-103013","1":"post","2":"type-post","3":"status-publish","4":"format-standard","5":"has-post-thumbnail","7":"category-novelas","8":"category-rede-globo","9":"category-televisao","10":"tag-resumo-do-dia"},"_links":{"self":[{"href":"https:\/\/migracao.redenoticia.com.br\/noticia\/wp-json\/wp\/v2\/posts\/103013","targetHints":{"allow":["GET"]}}],"collection":[{"href":"https:\/\/migracao.redenoticia.com.br\/noticia\/wp-json\/wp\/v2\/posts"}],"about":[{"href":"https:\/\/migracao.redenoticia.com.br\/noticia\/wp-json\/wp\/v2\/types\/post"}],"author":[{"embeddable":true,"href":"https:\/\/migracao.redenoticia.com.br\/noticia\/wp-json\/wp\/v2\/users\/4"}],"replies":[{"embeddable":true,"href":"https:\/\/migracao.redenoticia.com.br\/noticia\/wp-json\/wp\/v2\/comments?post=103013"}],"version-history":[{"count":0,"href":"https:\/\/migracao.redenoticia.com.br\/noticia\/wp-json\/wp\/v2\/posts\/103013\/revisions"}],"wp:featuredmedia":[{"embeddable":true,"href":"https:\/\/migracao.redenoticia.com.br\/noticia\/wp-json\/wp\/v2\/media\/91714"}],"wp:attachment":[{"href":"https:\/\/migracao.redenoticia.com.br\/noticia\/wp-json\/wp\/v2\/media?parent=103013"}],"wp:term":[{"taxonomy":"category","embeddable":true,"href":"https:\/\/migracao.redenoticia.com.br\/noticia\/wp-json\/wp\/v2\/categories?post=103013"},{"taxonomy":"post_tag","embeddable":true,"href":"https:\/\/migracao.redenoticia.com.br\/noticia\/wp-json\/wp\/v2\/tags?post=103013"}],"curies":[{"name":"wp","href":"https:\/\/api.w.org\/{rel}","templated":true}]}}