{"id":103030,"date":"2016-12-27T16:25:35","date_gmt":"2016-12-27T18:25:35","guid":{"rendered":"http:\/\/www.redenoticia.com.br\/noticia\/?p=103030"},"modified":"2016-12-27T18:23:39","modified_gmt":"2016-12-27T20:23:39","slug":"novela-querida-inimiga-resumo-2812-zulema-despede-lorena","status":"publish","type":"post","link":"https:\/\/migracao.redenoticia.com.br\/noticia\/2016\/novela-querida-inimiga-resumo-2812-zulema-despede-lorena\/103030","title":{"rendered":"Novela \u201cQuerida Inimiga\u201d resumo 28\/12: Zulema despede Lorena"},"content":{"rendered":"<p><img loading=\"lazy\" decoding=\"async\" class=\"alignleft size-thumbnail wp-image-99744\" src=\"https:\/\/migracao.redenoticia.com.br\/noticia\/imagens\/querida_inimiga_resumo_novela_SBT-150x112.jpg\" alt=\"querida_inimiga_resumo_novela_sbt\" width=\"150\" height=\"112\" srcset=\"https:\/\/migracao.redenoticia.com.br\/noticia\/imagens\/querida_inimiga_resumo_novela_SBT-150x112.jpg 150w, https:\/\/migracao.redenoticia.com.br\/noticia\/imagens\/querida_inimiga_resumo_novela_SBT-265x198.jpg 265w\" sizes=\"auto, (max-width: 150px) 100vw, 150px\" \/><strong><em>Novela \u201cQuerida Inimiga\u201d resumo 28\/12<\/em><\/strong>:\u00a0Alonso pro\u00edbe o pai de falar com Lorena. Toribio liga para ela e diz que quando as coisas se acalmarem voltam a se falar. Lorena acha que \u00e9 muito injusto tudo o que est\u00e1 a ocorrer. Alonso recebe um e-mail de um programa chamado \u201cPe\u00e7a-me um desejo\u201d. Ele lamenta ter promovido isso em favor de Lorena e n\u00e3o responde a comunica\u00e7\u00e3o. Rose e Maria pedem a Juliano que as acompanhe para ir atr\u00e1s de Lalo, para que ele diga a verdade. Juliano e Lalo se agridem. Rose quebra um jarro na cabe\u00e7a de Lalo. Zulema tenta esclarecer as coisas com Alonso, mas ele se recusa a aceitar que tudo \u00e9 uma calunia. Zulema come\u00e7a a ter d\u00favidas quanto a Sara e decide falar seriamente com ela, mas Sara \u00e9 habilidosa para mentir e consegue se esquivar das acusa\u00e7\u00f5es. Ela incrimina Lorena. Zulema telefona para Lorena e diz que, por falta de dinheiro, ter\u00e1 que despedi-la. Lorena fica surpresa e muito triste ao ouvi-la. <\/p>\n<p>No cap\u00edtulo 031(*), novela \u201cQuerida Inimiga\u201d, quarta-feira, 28 de dezembro \u2013 Toribio sente que essa hist\u00f3ria est\u00e1 muito estranha e liga para Lorena para tirar suas d\u00favidas. Alonso pro\u00edbe o pai de falar com Lorena. Toribio liga novamente para Lorena e lhe informa que n\u00e3o poder\u00e1 comparecer ao encontro que haviam marcado, diz que quando as coisas se acalmarem, poder\u00e3o falar. Lorena pensa que \u00e9 muito injusto tudo o que est\u00e1 ocorrendo. Alonso recebe um e-mail de um programa chamado \u201cPe\u00e7a-me um desejo\u201d.<\/p>\n<p>Ele lamenta ter promovido isso em favor de Lorena e n\u00e3o responde a comunica\u00e7\u00e3o. Rose e Maria pedem a Juliano que as acompanhe para ir atr\u00e1s de Lalo para que ele diga a verdade. Juliano e Lalo se agridem. Rose quebra um jarro na cabe\u00e7a de Lalo. Zulema tenta esclarecer as coisas com Alonso, mas ele se recusa a aceitar que tudo \u00e9 uma calunia. Sara visita Lalo e, ao encontr\u00e1-lo machucado ele a diz o que ocorreu. Lalo ame\u00e7a contar tudo o que sabe a Hort\u00eancia caso eles n\u00e3o lhe deem dinheiro. Zulema come\u00e7a a ter d\u00favidas quanto a Sara e decide falar seriamente com ela, mas Sara \u00e9 habilidosa para mentir e consegue se esquivar das acusa\u00e7\u00f5es.<\/p>\n<p>Ela incrimina Lorena. Omar finalmente consegue um emprego, n\u00e3o com o sal\u00e1rio que esperava, mas suficiente para um recome\u00e7o. Arthur est\u00e1 come\u00e7ando a tecer uma rede de intrigas ao dizer para B\u00e1rbara que seria muito mais atraente se fosse vi\u00fava. Sara entra no escrit\u00f3rio quando B\u00e1rbara e Arthur est\u00e3o a ponto de se beijar. Paula tem uma entrevista de emprego. Zulema telefona para Lorena e diz que por falta de dinheiro ter\u00e1 que despedi-la. Lorena fica surpresa e muito triste ao ouvi-la.<\/p>\n<p>(*) edi\u00e7\u00e3o do SBT, Novela \u201cQuerida Inimiga\u201d, sujeito a altera\u00e7\u00e3o de data e conte\u00fado.<\/p>\n","protected":false},"excerpt":{"rendered":"<p>Novela \u201cQuerida Inimiga\u201d resumo 28\/12:\u00a0Alonso pro\u00edbe o pai de falar com Lorena. Toribio liga para ela e diz que quando as coisas se acalmarem voltam a se falar. Lorena acha que \u00e9 muito injusto tudo o que est\u00e1 a ocorrer. Alonso recebe um e-mail de um programa chamado \u201cPe\u00e7a-me um desejo\u201d. Ele lamenta ter promovido [&hellip;]<\/p>\n","protected":false},"author":4,"featured_media":99744,"comment_status":"open","ping_status":"closed","sticky":false,"template":"","format":"standard","meta":{"tdm_status":"","tdm_grid_status":"","footnotes":""},"categories":[379,372,343],"tags":[441],"class_list":{"0":"post-103030","1":"post","2":"type-post","3":"status-publish","4":"format-standard","5":"has-post-thumbnail","7":"category-novelas","8":"category-sbt","9":"category-televisao","10":"tag-resumo-do-dia"},"_links":{"self":[{"href":"https:\/\/migracao.redenoticia.com.br\/noticia\/wp-json\/wp\/v2\/posts\/103030","targetHints":{"allow":["GET"]}}],"collection":[{"href":"https:\/\/migracao.redenoticia.com.br\/noticia\/wp-json\/wp\/v2\/posts"}],"about":[{"href":"https:\/\/migracao.redenoticia.com.br\/noticia\/wp-json\/wp\/v2\/types\/post"}],"author":[{"embeddable":true,"href":"https:\/\/migracao.redenoticia.com.br\/noticia\/wp-json\/wp\/v2\/users\/4"}],"replies":[{"embeddable":true,"href":"https:\/\/migracao.redenoticia.com.br\/noticia\/wp-json\/wp\/v2\/comments?post=103030"}],"version-history":[{"count":0,"href":"https:\/\/migracao.redenoticia.com.br\/noticia\/wp-json\/wp\/v2\/posts\/103030\/revisions"}],"wp:featuredmedia":[{"embeddable":true,"href":"https:\/\/migracao.redenoticia.com.br\/noticia\/wp-json\/wp\/v2\/media\/99744"}],"wp:attachment":[{"href":"https:\/\/migracao.redenoticia.com.br\/noticia\/wp-json\/wp\/v2\/media?parent=103030"}],"wp:term":[{"taxonomy":"category","embeddable":true,"href":"https:\/\/migracao.redenoticia.com.br\/noticia\/wp-json\/wp\/v2\/categories?post=103030"},{"taxonomy":"post_tag","embeddable":true,"href":"https:\/\/migracao.redenoticia.com.br\/noticia\/wp-json\/wp\/v2\/tags?post=103030"}],"curies":[{"name":"wp","href":"https:\/\/api.w.org\/{rel}","templated":true}]}}