{"id":103083,"date":"2016-12-28T19:43:56","date_gmt":"2016-12-28T21:43:56","guid":{"rendered":"http:\/\/www.redenoticia.com.br\/noticia\/?p=103083"},"modified":"2016-12-27T19:47:10","modified_gmt":"2016-12-27T21:47:10","slug":"novela-escrava-mae-resumo-2912-genesio-parte-pra-cima-de-osorio-com-odio","status":"publish","type":"post","link":"https:\/\/migracao.redenoticia.com.br\/noticia\/2016\/novela-escrava-mae-resumo-2912-genesio-parte-pra-cima-de-osorio-com-odio\/103083","title":{"rendered":"Novela \u201cEscrava M\u00e3e\u201d resumo 29\/12: Gen\u00e9sio parte pra cima de Os\u00f3rio com \u00f3dio"},"content":{"rendered":"<p> <img loading=\"lazy\" decoding=\"async\" class=\"alignleft size-thumbnail wp-image-87037\" src=\"https:\/\/migracao.redenoticia.com.br\/noticia\/imagens\/escrava-mae-novela-resumo-150x112.jpg\" alt=\"escrava-mae-novela-resumo\" width=\"150\" height=\"112\" srcset=\"https:\/\/migracao.redenoticia.com.br\/noticia\/imagens\/escrava-mae-novela-resumo-150x112.jpg 150w, https:\/\/migracao.redenoticia.com.br\/noticia\/imagens\/escrava-mae-novela-resumo-265x198.jpg 265w\" sizes=\"auto, (max-width: 150px) 100vw, 150px\" \/><strong><em>Novela \u201cEscrava M\u00e3e\u201d resumo 29\/12<\/em><\/strong>: Miguel e Juliana est\u00e3o felizes, um diante do outro. Tia Joaquina se aproxima e Tito Pardo tamb\u00e9m est\u00e1 presente. Tia Joaquina aconselha que \u00e9 hora deles selarem a uni\u00e3o. \u00c9 quando Kamau surge ali, tenso, dizendo que o casamento deles n\u00e3o pode acontecer, para espanto de todos. Esm\u00e9ria est\u00e1 nervosa diante de Os\u00f3rio e diz que n\u00e3o sabe onde est\u00e1 Viriato, (Kamau). Os\u00f3rio revela que sabe que ele \u00e9 Kamau, o escravo que fugiu e Esm\u00e9ria tenta disfar\u00e7ar a surpresa e mant\u00e9m a mentira. Gen\u00e9sio chega e parte pra cima de Os\u00f3rio com \u00f3dio.<\/p>\n<p>No capitulo 152 (*), novela \u201cEscrava M\u00e3e\u201d, quinta-feira, 29 de dezembro &#8211; Miguel e Juliana est\u00e3o felizes, um diante do outro. Tia Joaquina se aproxima e Tito Pardo tamb\u00e9m est\u00e1 presente. Tia Joaquina aconselha que \u00e9 hora deles selarem a uni\u00e3o. \u00c9 quando Kamau surge ali, tenso, dizendo que o casamento deles n\u00e3o pode acontecer, para espanto de todos. Esm\u00e9ria est\u00e1 nervosa diante de Os\u00f3rio e diz que n\u00e3o sabe onde est\u00e1 Viriato, (Kamau). <\/p>\n<p>Os\u00f3rio revela que sabe que ele \u00e9 Kamau, o escravo que fugiu e Esm\u00e9ria tenta disfar\u00e7ar a surpresa e mant\u00e9m a mentira. Gen\u00e9sio chega e parte pra cima de Os\u00f3rio com \u00f3dio. Almeida est\u00e1 furioso diante de Urraca, procurando pap\u00e9is em algumas pastas por ali. Ele diz a Urraca que Miguel voltou da \u00c1frica com provas contra ele. Urraca sugere que Almeida d\u00ea Juliana a Miguel para ficar livre de acusa\u00e7\u00e3o. Almeida insiste que deve haver outra solu\u00e7\u00e3o e que Urraca precisa lhe ajudar. Urraca se nega a ajudar Almeida e diz que n\u00e3o derramar\u00e1 uma gota de suor para ajud\u00e1-lo. Ela lembra que o pai dele pagou seus estudos em Coimbra e que, se ele falsificou, foi porque quis. Urraca lembra Almeida que s\u00f3 voltou ao solar, gra\u00e7as a Miguel. No quilombo, Kamau est\u00e1 nervoso diante de Miguel, Juliana, Tia Joaquina, Tito Pardo e quilombolas. <\/p>\n<p>Juliana se adianta e vai at\u00e9 ele, pedindo que n\u00e3o a impe\u00e7a de se casar com Miguel. Juliana convence Kamau e pede que ele fa\u00e7a a cerim\u00f4nia. Kamau se emociona e aceita. Gen\u00e9sio \u00e9 ferido por Os\u00f3rio e Esm\u00e9ria o ajuda com o ferimento. Catarina dobra algumas mantas da casa-grande com dificuldade e Maria Isabel a chama. Maria Isabel diz que Catarina precisa ajud\u00e1-la a convencer Miguel quando voltar \u00e0 tarde, dizendo que ela mudou e que, durante sua aus\u00eancia, Juliana se entregou a Almeida, enquanto ela permaneceu esperando-o. Catarina n\u00e3o concorda e Maria Isabel d\u00e1 uma tapa no rosto de Catarina.<\/p>\n<p>(*) edi\u00e7\u00e3o da Rede Record, Novela \u201cEscrava M\u00e3e\u201d, sujeito a altera\u00e7\u00e3o de data e conte\u00fado.<\/p>\n","protected":false},"excerpt":{"rendered":"<p>Novela \u201cEscrava M\u00e3e\u201d resumo 29\/12: Miguel e Juliana est\u00e3o felizes, um diante do outro. Tia Joaquina se aproxima e Tito Pardo tamb\u00e9m est\u00e1 presente. Tia Joaquina aconselha que \u00e9 hora deles selarem a uni\u00e3o. \u00c9 quando Kamau surge ali, tenso, dizendo que o casamento deles n\u00e3o pode acontecer, para espanto de todos. Esm\u00e9ria est\u00e1 nervosa [&hellip;]<\/p>\n","protected":false},"author":2,"featured_media":87037,"comment_status":"open","ping_status":"closed","sticky":false,"template":"","format":"standard","meta":{"tdm_status":"","tdm_grid_status":"","footnotes":""},"categories":[379,371,343],"tags":[441],"class_list":{"0":"post-103083","1":"post","2":"type-post","3":"status-publish","4":"format-standard","5":"has-post-thumbnail","7":"category-novelas","8":"category-rede-record","9":"category-televisao","10":"tag-resumo-do-dia"},"_links":{"self":[{"href":"https:\/\/migracao.redenoticia.com.br\/noticia\/wp-json\/wp\/v2\/posts\/103083","targetHints":{"allow":["GET"]}}],"collection":[{"href":"https:\/\/migracao.redenoticia.com.br\/noticia\/wp-json\/wp\/v2\/posts"}],"about":[{"href":"https:\/\/migracao.redenoticia.com.br\/noticia\/wp-json\/wp\/v2\/types\/post"}],"author":[{"embeddable":true,"href":"https:\/\/migracao.redenoticia.com.br\/noticia\/wp-json\/wp\/v2\/users\/2"}],"replies":[{"embeddable":true,"href":"https:\/\/migracao.redenoticia.com.br\/noticia\/wp-json\/wp\/v2\/comments?post=103083"}],"version-history":[{"count":0,"href":"https:\/\/migracao.redenoticia.com.br\/noticia\/wp-json\/wp\/v2\/posts\/103083\/revisions"}],"wp:featuredmedia":[{"embeddable":true,"href":"https:\/\/migracao.redenoticia.com.br\/noticia\/wp-json\/wp\/v2\/media\/87037"}],"wp:attachment":[{"href":"https:\/\/migracao.redenoticia.com.br\/noticia\/wp-json\/wp\/v2\/media?parent=103083"}],"wp:term":[{"taxonomy":"category","embeddable":true,"href":"https:\/\/migracao.redenoticia.com.br\/noticia\/wp-json\/wp\/v2\/categories?post=103083"},{"taxonomy":"post_tag","embeddable":true,"href":"https:\/\/migracao.redenoticia.com.br\/noticia\/wp-json\/wp\/v2\/tags?post=103083"}],"curies":[{"name":"wp","href":"https:\/\/api.w.org\/{rel}","templated":true}]}}