{"id":103087,"date":"2016-12-28T19:51:50","date_gmt":"2016-12-28T21:51:50","guid":{"rendered":"http:\/\/www.redenoticia.com.br\/noticia\/?p=103087"},"modified":"2016-12-27T19:55:16","modified_gmt":"2016-12-27T21:55:16","slug":"novela-ezel-resumo-2912-ezel-persegue-eysan-no-meio-da-rua","status":"publish","type":"post","link":"https:\/\/migracao.redenoticia.com.br\/noticia\/2016\/novela-ezel-resumo-2912-ezel-persegue-eysan-no-meio-da-rua\/103087","title":{"rendered":"Novela \u201cEzel\u201d resumo 29\/12: Ezel persegue Eysan no meio da rua"},"content":{"rendered":"<p> <img loading=\"lazy\" decoding=\"async\" class=\"alignleft size-thumbnail wp-image-98061\" src=\"https:\/\/migracao.redenoticia.com.br\/noticia\/imagens\/ezel_novela_band_resumo-150x112.jpg\" alt=\"ezel_novela_band_resumo\" width=\"150\" height=\"112\" srcset=\"https:\/\/migracao.redenoticia.com.br\/noticia\/imagens\/ezel_novela_band_resumo-150x112.jpg 150w, https:\/\/migracao.redenoticia.com.br\/noticia\/imagens\/ezel_novela_band_resumo-265x198.jpg 265w\" sizes=\"auto, (max-width: 150px) 100vw, 150px\" \/><strong><em> Novela \u201cEzel\u201d resumo 29\/12<\/em><\/strong>: Eysan e Ezel se encontram por acaso em um restaurante e percebem a grande atra\u00e7\u00e3o que h\u00e1 entre eles. Os dois se declaram e Eysan chora. Logo depois, Ezel chega em casa e v\u00ea Eysan na porta. Ela n\u00e3o consegue explicar porque veio e os dois quase se beijam. Eysan foge. Ezel persegue Eysan no meio da rua e os dois se beijam em p\u00fablico.<\/p>\n<p>No capitulo 046 (*), novela \u201cEzel\u201d, quinta-feira, 29 de dezembro &#8211; Ezel chega em casa e v\u00ea Eysan na porta. Ela n\u00e3o consegue explicar porque veio e os dois quase se beijam. Eysan foge. Ezel v\u00ea fotos de Serdar tentando descobrir de onde o conhece. Ezel persegue Eysan no meio da rua e os dois se beijam em p\u00fablico.<\/p>\n<p> Tefo e Ali s\u00e3o perseguidos pelos homens de Ramiz, mas conseguem fugir de trem. Tefo aponta arma para Ali, mas desiste de mat\u00e1-lo. Serdar vai ao hospital e rouba a carta da tia de Eysan. A tia morre.<\/p>\n<p> Ezel vai ao enterro da tia de Eysan e encontra os pais. Cengiz, Ali e Eysan v\u00e3o ao t\u00famulo de Omer. Ezel passa um tempo com a m\u00e3e no cemit\u00e9rio. Serdar conversa com um homem desconhecido e pede ajuda para encontrar Ezel, para acabar com a vida dele.<\/p>\n<p>(*) edi\u00e7\u00e3o da Band, Novela \u201cEzel\u201d, sujeito a altera\u00e7\u00e3o de data e conte\u00fado.<\/p>\n","protected":false},"excerpt":{"rendered":"<p>Novela \u201cEzel\u201d resumo 29\/12: Eysan e Ezel se encontram por acaso em um restaurante e percebem a grande atra\u00e7\u00e3o que h\u00e1 entre eles. Os dois se declaram e Eysan chora. Logo depois, Ezel chega em casa e v\u00ea Eysan na porta. Ela n\u00e3o consegue explicar porque veio e os dois quase se beijam. Eysan foge. [&hellip;]<\/p>\n","protected":false},"author":2,"featured_media":98061,"comment_status":"open","ping_status":"closed","sticky":false,"template":"","format":"standard","meta":{"tdm_status":"","tdm_grid_status":"","footnotes":""},"categories":[390,379,343],"tags":[441],"class_list":{"0":"post-103087","1":"post","2":"type-post","3":"status-publish","4":"format-standard","5":"has-post-thumbnail","7":"category-band","8":"category-novelas","9":"category-televisao","10":"tag-resumo-do-dia"},"_links":{"self":[{"href":"https:\/\/migracao.redenoticia.com.br\/noticia\/wp-json\/wp\/v2\/posts\/103087","targetHints":{"allow":["GET"]}}],"collection":[{"href":"https:\/\/migracao.redenoticia.com.br\/noticia\/wp-json\/wp\/v2\/posts"}],"about":[{"href":"https:\/\/migracao.redenoticia.com.br\/noticia\/wp-json\/wp\/v2\/types\/post"}],"author":[{"embeddable":true,"href":"https:\/\/migracao.redenoticia.com.br\/noticia\/wp-json\/wp\/v2\/users\/2"}],"replies":[{"embeddable":true,"href":"https:\/\/migracao.redenoticia.com.br\/noticia\/wp-json\/wp\/v2\/comments?post=103087"}],"version-history":[{"count":0,"href":"https:\/\/migracao.redenoticia.com.br\/noticia\/wp-json\/wp\/v2\/posts\/103087\/revisions"}],"wp:featuredmedia":[{"embeddable":true,"href":"https:\/\/migracao.redenoticia.com.br\/noticia\/wp-json\/wp\/v2\/media\/98061"}],"wp:attachment":[{"href":"https:\/\/migracao.redenoticia.com.br\/noticia\/wp-json\/wp\/v2\/media?parent=103087"}],"wp:term":[{"taxonomy":"category","embeddable":true,"href":"https:\/\/migracao.redenoticia.com.br\/noticia\/wp-json\/wp\/v2\/categories?post=103087"},{"taxonomy":"post_tag","embeddable":true,"href":"https:\/\/migracao.redenoticia.com.br\/noticia\/wp-json\/wp\/v2\/tags?post=103087"}],"curies":[{"name":"wp","href":"https:\/\/api.w.org\/{rel}","templated":true}]}}