{"id":103093,"date":"2016-12-28T06:38:26","date_gmt":"2016-12-28T08:38:26","guid":{"rendered":"http:\/\/www.redenoticia.com.br\/noticia\/?p=103093"},"modified":"2016-12-27T20:39:28","modified_gmt":"2016-12-27T22:39:28","slug":"acidentes-no-mar-bombeiros-sp-alertam-sobre-os-perigos","status":"publish","type":"post","link":"https:\/\/migracao.redenoticia.com.br\/noticia\/2016\/acidentes-no-mar-bombeiros-sp-alertam-sobre-os-perigos\/103093","title":{"rendered":"Acidentes no mar: Bombeiros SP alertam sobre os perigos"},"content":{"rendered":"<p> Brincar com seguran\u00e7a e sem abusos, procurando ficar perto dos guarda-vidas. Esse \u00e9 o alerta dos Bombeiros para os turistas que forem aproveitar as festas de <strong><em>fim de ano nas praias<\/em><\/strong> do litoral paulista. Afinal, j\u00e1 dizia o velho ditado: &#8220;\u00e1gua no umbigo, sinal de perigo&#8221;.<\/p>\n<p>Veja as orienta\u00e7\u00f5es:<\/p>\n<p>&#8211; O turista deve localizar o guarda-vidas assim que chegar \u00e0 praia e, se poss\u00edvel, ficar pr\u00f3ximo dele;<\/p>\n<p>&#8211; Converse com o guarda-vidas, pergunte onde \u00e9 o lugar mais seguro para nadar e quais s\u00e3o os riscos do local;<\/p>\n<p>&#8211; Nunca entre na \u00e1gua ap\u00f3s ingerir bebida alco\u00f3lica;<\/p>\n<p>&#8211; Nadar ou brincar no mar depois das refei\u00e7\u00f5es tamb\u00e9m n\u00e3o \u00e9 recomendado, pois h\u00e1 o risco de congest\u00e3o;<\/p>\n<p>&#8211; Outra dica \u00e9 manter-se afastado de pedras e costeiras, que propiciam a forma\u00e7\u00e3o de correnteza e dificultam o socorro;<\/p>\n<p>&#8211; Aten\u00e7\u00e3o total com as crian\u00e7as. Ao chegar \u00e0 praia, retire com o guarda-vidas as pulseiras de identifica\u00e7\u00e3o, preencha com nome completo e telefone de contato e coloque no bra\u00e7o da crian\u00e7a. O acess\u00f3rio facilita a localiza\u00e7\u00e3o em caso de perda;<\/p>\n<p>&#8211; Objetos flutuantes como boia e colch\u00e3o infl\u00e1vel podem causar acidentes nas ondas;<\/p>\n<p>&#8211; Para brincar no mar com seguran\u00e7a, mantenha a \u00e1gua sempre abaixo da cintura.<\/p>\n<p>Do Portal do Governo do Estado SP<\/p>\n","protected":false},"excerpt":{"rendered":"<p>Brincar com seguran\u00e7a e sem abusos, procurando ficar perto dos guarda-vidas. Esse \u00e9 o alerta dos Bombeiros para os turistas que forem aproveitar as festas de fim de ano nas praias do litoral paulista. Afinal, j\u00e1 dizia o velho ditado: &#8220;\u00e1gua no umbigo, sinal de perigo&#8221;. Veja as orienta\u00e7\u00f5es: &#8211; O turista deve localizar o [&hellip;]<\/p>\n","protected":false},"author":2,"featured_media":41101,"comment_status":"open","ping_status":"closed","sticky":false,"template":"","format":"standard","meta":{"tdm_status":"","tdm_grid_status":"","footnotes":""},"categories":[22,5],"tags":[],"class_list":{"0":"post-103093","1":"post","2":"type-post","3":"status-publish","4":"format-standard","5":"has-post-thumbnail","7":"category-brasil","8":"category-saude-e-vida"},"_links":{"self":[{"href":"https:\/\/migracao.redenoticia.com.br\/noticia\/wp-json\/wp\/v2\/posts\/103093","targetHints":{"allow":["GET"]}}],"collection":[{"href":"https:\/\/migracao.redenoticia.com.br\/noticia\/wp-json\/wp\/v2\/posts"}],"about":[{"href":"https:\/\/migracao.redenoticia.com.br\/noticia\/wp-json\/wp\/v2\/types\/post"}],"author":[{"embeddable":true,"href":"https:\/\/migracao.redenoticia.com.br\/noticia\/wp-json\/wp\/v2\/users\/2"}],"replies":[{"embeddable":true,"href":"https:\/\/migracao.redenoticia.com.br\/noticia\/wp-json\/wp\/v2\/comments?post=103093"}],"version-history":[{"count":0,"href":"https:\/\/migracao.redenoticia.com.br\/noticia\/wp-json\/wp\/v2\/posts\/103093\/revisions"}],"wp:featuredmedia":[{"embeddable":true,"href":"https:\/\/migracao.redenoticia.com.br\/noticia\/wp-json\/wp\/v2\/media\/41101"}],"wp:attachment":[{"href":"https:\/\/migracao.redenoticia.com.br\/noticia\/wp-json\/wp\/v2\/media?parent=103093"}],"wp:term":[{"taxonomy":"category","embeddable":true,"href":"https:\/\/migracao.redenoticia.com.br\/noticia\/wp-json\/wp\/v2\/categories?post=103093"},{"taxonomy":"post_tag","embeddable":true,"href":"https:\/\/migracao.redenoticia.com.br\/noticia\/wp-json\/wp\/v2\/tags?post=103093"}],"curies":[{"name":"wp","href":"https:\/\/api.w.org\/{rel}","templated":true}]}}