{"id":103110,"date":"2016-12-29T06:26:44","date_gmt":"2016-12-29T08:26:44","guid":{"rendered":"http:\/\/www.redenoticia.com.br\/noticia\/?p=103110"},"modified":"2016-12-28T18:27:03","modified_gmt":"2016-12-28T20:27:03","slug":"numero-de-matriculas-em-escolas-publicas-bate-recorde-no-rio-de-janeiro","status":"publish","type":"post","link":"https:\/\/migracao.redenoticia.com.br\/noticia\/2016\/numero-de-matriculas-em-escolas-publicas-bate-recorde-no-rio-de-janeiro\/103110","title":{"rendered":"N\u00famero de matr\u00edculas em escolas p\u00fablicas bate recorde no Rio de Janeiro"},"content":{"rendered":"<p> A <strong><em>busca por vagas na rede estadual<\/em><\/strong> de ensino do Rio de Janeiro bateu recorde este ano: foram 240.792 matr\u00edculas para 2017. Em 2016, 220.498 estudantes se matricularam. Os dados foram divulgados pelo governo do Estado.<\/p>\n<p>A alta est\u00e1 relacionada ao aumento de 18,25% no n\u00famero de : \u00a0para o ano letivo de 2016, houve 27.357 inscri\u00e7\u00f5es de alunos que estudavam na rede privada, enquanto para 2017, o n\u00famero atingiu 32.350.<\/p>\n<p>Al\u00e9m da migra\u00e7\u00e3o da escola particular para a p\u00fablica, a alta tamb\u00e9m est\u00e1 relacionada ao aumento de matr\u00edculas de estudantes que estavam afastados da sala de aula e decidiram voltar a estudar. Segundo o governo do Rio, em 2016, 3.852 alunos que estavam fora das salas de aula se inscreveram para voltar a estudar. J\u00e1 para 2017, 13.524 candidatos nesta situa\u00e7\u00e3o realizaram o cadastro pela internet.<\/p>\n<p>Os munic\u00edpios com o maior n\u00famero de inscritos foram Rio de Janeiro, Nova Igua\u00e7u, Duque de Caxias, S\u00e3o Gon\u00e7alo, Belford Roxo, S\u00e3o Jo\u00e3o de Meriti, Campos dos Goytacazes, Niter\u00f3i, Mag\u00e9 e Angra dos Reis.<\/p>\n<p>Para agilizar o processo de inscri\u00e7\u00e3o e sele\u00e7\u00e3o, a Secretaria Estadual de Educa\u00e7\u00e3o do Rio de Janeiro antecipou as datas de divulga\u00e7\u00e3o dos resultados e de confirma\u00e7\u00e3o da matr\u00edcula. Os alunos j\u00e1 poder\u00e3o conhecer as escolas onde foram alocados a partir do dia 30 de dezembro, no site do , onze dias antes da previs\u00e3o inicial.\u00a0Os interessados ter\u00e3o de 4 a 10 de janeiro de 2017 para confirmar a matr\u00edcula na unidade em que foram selecionados.<\/p>\n<p>Nielmar de Oliveira &#8211; Rep\u00f3rter da Ag\u00eancia Brasil<br \/>\nEdi\u00e7\u00e3o: Lidia Neves<br \/>\n29\/12\/2016<\/p>\n","protected":false},"excerpt":{"rendered":"<p>A busca por vagas na rede estadual de ensino do Rio de Janeiro bateu recorde este ano: foram 240.792 matr\u00edculas para 2017. Em 2016, 220.498 estudantes se matricularam. Os dados foram divulgados pelo governo do Estado. A alta est\u00e1 relacionada ao aumento de 18,25% no n\u00famero de : \u00a0para o ano letivo de 2016, houve [&hellip;]<\/p>\n","protected":false},"author":2,"featured_media":36262,"comment_status":"open","ping_status":"closed","sticky":false,"template":"","format":"standard","meta":{"tdm_status":"","tdm_grid_status":"","footnotes":""},"categories":[22,351,370],"tags":[],"class_list":{"0":"post-103110","1":"post","2":"type-post","3":"status-publish","4":"format-standard","5":"has-post-thumbnail","7":"category-brasil","8":"category-cursos","9":"category-inscricao"},"_links":{"self":[{"href":"https:\/\/migracao.redenoticia.com.br\/noticia\/wp-json\/wp\/v2\/posts\/103110","targetHints":{"allow":["GET"]}}],"collection":[{"href":"https:\/\/migracao.redenoticia.com.br\/noticia\/wp-json\/wp\/v2\/posts"}],"about":[{"href":"https:\/\/migracao.redenoticia.com.br\/noticia\/wp-json\/wp\/v2\/types\/post"}],"author":[{"embeddable":true,"href":"https:\/\/migracao.redenoticia.com.br\/noticia\/wp-json\/wp\/v2\/users\/2"}],"replies":[{"embeddable":true,"href":"https:\/\/migracao.redenoticia.com.br\/noticia\/wp-json\/wp\/v2\/comments?post=103110"}],"version-history":[{"count":0,"href":"https:\/\/migracao.redenoticia.com.br\/noticia\/wp-json\/wp\/v2\/posts\/103110\/revisions"}],"wp:featuredmedia":[{"embeddable":true,"href":"https:\/\/migracao.redenoticia.com.br\/noticia\/wp-json\/wp\/v2\/media\/36262"}],"wp:attachment":[{"href":"https:\/\/migracao.redenoticia.com.br\/noticia\/wp-json\/wp\/v2\/media?parent=103110"}],"wp:term":[{"taxonomy":"category","embeddable":true,"href":"https:\/\/migracao.redenoticia.com.br\/noticia\/wp-json\/wp\/v2\/categories?post=103110"},{"taxonomy":"post_tag","embeddable":true,"href":"https:\/\/migracao.redenoticia.com.br\/noticia\/wp-json\/wp\/v2\/tags?post=103110"}],"curies":[{"name":"wp","href":"https:\/\/api.w.org\/{rel}","templated":true}]}}