{"id":103134,"date":"2016-12-28T18:25:44","date_gmt":"2016-12-28T20:25:44","guid":{"rendered":"http:\/\/www.redenoticia.com.br\/noticia\/?p=103134"},"modified":"2016-12-28T19:12:06","modified_gmt":"2016-12-28T21:12:06","slug":"novela-a-gata-resumo-2912-gisele-atira-em-paulo","status":"publish","type":"post","link":"https:\/\/migracao.redenoticia.com.br\/noticia\/2016\/novela-a-gata-resumo-2912-gisele-atira-em-paulo\/103134","title":{"rendered":"Novela \u201cA Gata\u201d resumo 29\/12: Rita tenta ajudar Paulo"},"content":{"rendered":"<p><img loading=\"lazy\" decoding=\"async\" class=\"alignleft size-thumbnail wp-image-92254\" src=\"https:\/\/migracao.redenoticia.com.br\/noticia\/imagens\/A_Gata_novela_resumo_SBT-150x112.jpg\" alt=\"A_Gata_novela_resumo_SBT\" width=\"150\" height=\"112\" srcset=\"https:\/\/migracao.redenoticia.com.br\/noticia\/imagens\/A_Gata_novela_resumo_SBT-150x112.jpg 150w, https:\/\/migracao.redenoticia.com.br\/noticia\/imagens\/A_Gata_novela_resumo_SBT-265x198.jpg 265w\" sizes=\"auto, (max-width: 150px) 100vw, 150px\" \/><strong><em>Novela \u201cA Gata\u201d resumo 29\/12<\/em><\/strong>:\u00a0Paulo se surpreende ao ver Gisele, que diz que foi at\u00e9 ele para mat\u00e1-lo e dispara. Ao ver Paulo desacordado, Gisele fica hist\u00e9rica e acredita que ele esteja morto.\u00a0Garibaldo se preocupa ao ver que Gisele disparou em Paulo.\u00a0Mariano tenta contato com Paulo, mas ele n\u00e3o responde. Vicky diz a Edgar que Paulo se perdeu, pois n\u00e3o consegue encontr\u00e1-lo. Mariano diz a sua m\u00e3e que Paulo est\u00e1 desaparecido. Ao ver Rita, Gisele aponta uma arma e exige que ela diga quem \u00e9. Rita responde que Garibaldo a contou o que fez e lhe pediu que fosse ajudar Paulo. Mariano diz a Edgar que se Paulo n\u00e3o aparecer, vai ser porque algo deve haver ocorrido e, neste caso, eles devem comunicar a pol\u00edcia. Vicky diz que Paulo desapareceu porque quis, pois deveria estar a fugir de algo ou algu\u00e9m. Paulo acorda, mas n\u00e3o reconhece Rita nem Gisele. <\/p>\n<p>No cap\u00edtulo 099(*), novela \u201cA Gata\u201d, quinta-feira, 29 de dezembro \u2013 O advogado Gutierrez diz a Tilico que j\u00e1 se deu conta de que ele \u00e9 um farsante e que tem certeza que algu\u00e9m est\u00e1 lhe pagamento para fazer todo esse teatro.<\/p>\n<p>Perla e Silencioso dizem a Jacira que Esmeralda tem muita confian\u00e7a nela e, assim, deveria t\u00ea-la dito para onde iria. Jacira responde que ela n\u00e3o disse nada.<\/p>\n<p>Dami\u00e3o diz ao Silencioso que se Esmeralda foi para o lix\u00e3o, ningu\u00e9m vai a encontr\u00e1-la, pois o povo de l\u00e1 a esconderia. Silencioso se desculpa com Dami\u00e3o por sua desconfian\u00e7a. Paulo acorda, mas n\u00e3o reconhece Rita nem Gisele.<\/p>\n<p>(*) edi\u00e7\u00e3o do SBT, Novela \u201cA Gata\u201d, sujeito a altera\u00e7\u00e3o de data e conte\u00fado.<\/p>\n","protected":false},"excerpt":{"rendered":"<p>Novela \u201cA Gata\u201d resumo 29\/12:\u00a0Paulo se surpreende ao ver Gisele, que diz que foi at\u00e9 ele para mat\u00e1-lo e dispara. Ao ver Paulo desacordado, Gisele fica hist\u00e9rica e acredita que ele esteja morto.\u00a0Garibaldo se preocupa ao ver que Gisele disparou em Paulo.\u00a0Mariano tenta contato com Paulo, mas ele n\u00e3o responde. Vicky diz a Edgar que [&hellip;]<\/p>\n","protected":false},"author":4,"featured_media":92254,"comment_status":"open","ping_status":"closed","sticky":false,"template":"","format":"standard","meta":{"tdm_status":"","tdm_grid_status":"","footnotes":""},"categories":[379,372,343],"tags":[441],"class_list":{"0":"post-103134","1":"post","2":"type-post","3":"status-publish","4":"format-standard","5":"has-post-thumbnail","7":"category-novelas","8":"category-sbt","9":"category-televisao","10":"tag-resumo-do-dia"},"_links":{"self":[{"href":"https:\/\/migracao.redenoticia.com.br\/noticia\/wp-json\/wp\/v2\/posts\/103134","targetHints":{"allow":["GET"]}}],"collection":[{"href":"https:\/\/migracao.redenoticia.com.br\/noticia\/wp-json\/wp\/v2\/posts"}],"about":[{"href":"https:\/\/migracao.redenoticia.com.br\/noticia\/wp-json\/wp\/v2\/types\/post"}],"author":[{"embeddable":true,"href":"https:\/\/migracao.redenoticia.com.br\/noticia\/wp-json\/wp\/v2\/users\/4"}],"replies":[{"embeddable":true,"href":"https:\/\/migracao.redenoticia.com.br\/noticia\/wp-json\/wp\/v2\/comments?post=103134"}],"version-history":[{"count":0,"href":"https:\/\/migracao.redenoticia.com.br\/noticia\/wp-json\/wp\/v2\/posts\/103134\/revisions"}],"wp:featuredmedia":[{"embeddable":true,"href":"https:\/\/migracao.redenoticia.com.br\/noticia\/wp-json\/wp\/v2\/media\/92254"}],"wp:attachment":[{"href":"https:\/\/migracao.redenoticia.com.br\/noticia\/wp-json\/wp\/v2\/media?parent=103134"}],"wp:term":[{"taxonomy":"category","embeddable":true,"href":"https:\/\/migracao.redenoticia.com.br\/noticia\/wp-json\/wp\/v2\/categories?post=103134"},{"taxonomy":"post_tag","embeddable":true,"href":"https:\/\/migracao.redenoticia.com.br\/noticia\/wp-json\/wp\/v2\/tags?post=103134"}],"curies":[{"name":"wp","href":"https:\/\/api.w.org\/{rel}","templated":true}]}}