{"id":1032,"date":"2009-04-30T13:46:44","date_gmt":"2009-04-30T17:46:44","guid":{"rendered":"http:\/\/www.redenoticia.com.br\/noticia\/?p=1032"},"modified":"2009-04-30T13:46:44","modified_gmt":"2009-04-30T17:46:44","slug":"reducao-de-cota-de-passagens-aereas-na-camara-vai-gerar-economia-de-r-179-milhoes","status":"publish","type":"post","link":"https:\/\/migracao.redenoticia.com.br\/noticia\/2009\/reducao-de-cota-de-passagens-aereas-na-camara-vai-gerar-economia-de-r-179-milhoes\/1032","title":{"rendered":"Redu\u00e7\u00e3o de cota de passagens a\u00e9reas na C\u00e2mara vai gerar economia de R$ 17,9 milh\u00f5es"},"content":{"rendered":"<p class=\"MsoNormal\" style=\"margin-bottom: 12pt;\"><span style=\"font-family: Arial;\">As novas regras de uso de passagens a\u00e9reas pelos parlamentares e o corte de 20% no valor dos cr\u00e9ditos de passagens para cada deputado, acertadas pelos l\u00edderes e definidas em ato da Mesa Diretora da C\u00e2mara, \u00a0v\u00e3o gerar uma economia anual aos cofres da Casa da ordem de R$ 17,9 milh\u00f5es. A informa\u00e7\u00e3o foi dada pela assessoria de imprensa da C\u00e2mara.<\/p>\n<p>S\u00f3 com o corte de 20% nos cr\u00e9ditos a economia anual ser\u00e1 de R$ 15,5 milh\u00f5es, enquanto que com o corte nas cotas extras de passagens a que cada l\u00edder partid\u00e1rio e que cada integrante da Mesa Diretora da C\u00e2mara tinha direito, a economia ser\u00e1 da ordem de R$ 2,4 milh\u00f5es por ano.<\/p>\n<p>Pelas novas regras, s\u00f3 poder\u00e1 usar a cota de passagem a\u00e9rea o pr\u00f3prio deputado ou assessor, desde que autorizado pela Mesa Diretora. Agora, nem conjuge nem filho nem parentes do deputado poder\u00e3o mais viajar com a cota de passagem do parlamentar.<\/p>\n<p>Mesmo com as mudan\u00e7as nas regras de uso de passagens a\u00e9reas, os oito deputados de Roraima v\u00e3o continuar tendo a maior cota mensal. O valor era de R$ 18.737,44 e, com o corte de 20%, passou para R$ 14.989,95. Tamb\u00e9m os oito deputados do Distrito Federal v\u00e3o continuar recebendo cota de passagem a\u00e9rea. Eles recebiam mensalmente R$ 4.705,72 e agora v\u00e3o receber R$ 3.764,58 por m\u00eas.<\/p>\n<p>Essa cota de passagem a\u00e9rea \u00e9 para permitir que o deputado possa se deslocar semanalmente do seu Estado para Bras\u00edlia, sede do Congresso Nacional. Ela \u00e9 calculada de acordo com a dist\u00e2ncia do estado at\u00e9 a capital federal e se destina a quatro deslocamentos de ida e volta do estado \u00e0 Bras\u00edlia por m\u00eas.<\/span><\/p>\n<p class=\"MsoNormal\" style=\"margin-bottom: 12pt;\"><span style=\"font-family: Arial;\">Iolando Louren\u00e7o<br \/>\n<em>Rep\u00f3rter da Ag\u00eancia Brasil<\/em> <\/span><\/p>\n","protected":false},"excerpt":{"rendered":"<p>As novas regras de uso de passagens a\u00e9reas pelos parlamentares e o corte de 20% no valor dos cr\u00e9ditos de passagens para cada deputado, acertadas pelos l\u00edderes e definidas em ato da Mesa Diretora da C\u00e2mara, \u00a0v\u00e3o gerar uma economia anual aos cofres da Casa da ordem de R$ 17,9 milh\u00f5es. A informa\u00e7\u00e3o foi dada [&hellip;]<\/p>\n","protected":false},"author":3,"featured_media":0,"comment_status":"open","ping_status":"open","sticky":false,"template":"","format":"standard","meta":{"tdm_status":"","tdm_grid_status":"","footnotes":""},"categories":[22],"tags":[],"class_list":{"0":"post-1032","1":"post","2":"type-post","3":"status-publish","4":"format-standard","6":"category-brasil"},"_links":{"self":[{"href":"https:\/\/migracao.redenoticia.com.br\/noticia\/wp-json\/wp\/v2\/posts\/1032","targetHints":{"allow":["GET"]}}],"collection":[{"href":"https:\/\/migracao.redenoticia.com.br\/noticia\/wp-json\/wp\/v2\/posts"}],"about":[{"href":"https:\/\/migracao.redenoticia.com.br\/noticia\/wp-json\/wp\/v2\/types\/post"}],"author":[{"embeddable":true,"href":"https:\/\/migracao.redenoticia.com.br\/noticia\/wp-json\/wp\/v2\/users\/3"}],"replies":[{"embeddable":true,"href":"https:\/\/migracao.redenoticia.com.br\/noticia\/wp-json\/wp\/v2\/comments?post=1032"}],"version-history":[{"count":0,"href":"https:\/\/migracao.redenoticia.com.br\/noticia\/wp-json\/wp\/v2\/posts\/1032\/revisions"}],"wp:attachment":[{"href":"https:\/\/migracao.redenoticia.com.br\/noticia\/wp-json\/wp\/v2\/media?parent=1032"}],"wp:term":[{"taxonomy":"category","embeddable":true,"href":"https:\/\/migracao.redenoticia.com.br\/noticia\/wp-json\/wp\/v2\/categories?post=1032"},{"taxonomy":"post_tag","embeddable":true,"href":"https:\/\/migracao.redenoticia.com.br\/noticia\/wp-json\/wp\/v2\/tags?post=1032"}],"curies":[{"name":"wp","href":"https:\/\/api.w.org\/{rel}","templated":true}]}}