{"id":103236,"date":"2016-12-29T20:55:56","date_gmt":"2016-12-29T22:55:56","guid":{"rendered":"http:\/\/www.redenoticia.com.br\/noticia\/?p=103236"},"modified":"2016-12-29T18:31:24","modified_gmt":"2016-12-29T20:31:24","slug":"novela-chiquititas-resumo-3012-os-meninos-pata-vivi-e-tati-dormem-na-rua","status":"publish","type":"post","link":"https:\/\/migracao.redenoticia.com.br\/noticia\/2016\/novela-chiquititas-resumo-3012-os-meninos-pata-vivi-e-tati-dormem-na-rua\/103236","title":{"rendered":"Novela \u201cChiquititas\u201d resumo 30\/12: Chico diz para Carmen que as crian\u00e7as sumiram"},"content":{"rendered":"<p><img loading=\"lazy\" decoding=\"async\" class=\"alignleft size-thumbnail wp-image-49690\" src=\"https:\/\/migracao.redenoticia.com.br\/noticia\/imagens\/chiquititas1-150x112.jpg\" alt=\"chiquititas\" width=\"150\" height=\"112\" \/><strong><em>Novela \u201cChiquititas\u201d resumo 30\/12<\/em><\/strong>: no orfanato, as chiquititas descem as escadas para fugirem. Mosca desce primeiro para ir at\u00e9 o por\u00e3o e Mili diz que vai ser a \u00faltima para se certificar que todos est\u00e3o juntos. Vivi deixa cair um objeto no ch\u00e3o e acorda Ernestina. Na sala, todos saem menos Mili, Bia, Ana e Cris. As meninas fingem para Ernestina que acordaram porque ouviram o barulho do alarme. A zeladora questiona o motivo de estarem vestidas com roupa de sair. As chiquititas dizem que, caso tivessem encontrado algu\u00e9m na sala, n\u00e3o teria ficado bem serem vistas com roupa de dormir. As crian\u00e7as que conseguiram escapar de Ernestina fogem pelo por\u00e3o. Na rua, os meninos e Pata levam Vivi e Tati para dormir no antigo barraco deles. As crian\u00e7as preparam papel\u00f5es para dormirem no ch\u00e3o. Tati reclama de frio e Vivi deita junto com a irm\u00e3 para aquec\u00ea-la. Na manh\u00e3 seguinte, no orfanato, Ernestina entra no quarto das meninas para lev\u00e1-las para a escola. Mili diz que as demais crian\u00e7as desapareceram. Ernestina procura em todo orfanato e n\u00e3o acha nenhuma outra crian\u00e7a. A zeladora diz para Chico que n\u00e3o sabe o que fazer. Carmen chega ao orfanato com Duda e pergunta porque as crian\u00e7as ainda n\u00e3o foram para a escola. Chico diz que todas as crian\u00e7as sumiram. Carmen fica enfurecida e acha que as crian\u00e7as est\u00e3o escondidas. <\/p>\n<p>No cap\u00edtulo 079(*), novela \u201cChiquititas\u201d, sexta-feira, 30 de dezembro \u2013 Beto comemora mais de 5 milh\u00f5es de acessos no videoclipe de \u00b4A Festa Ainda Pode Ser Bonita\u00b4. Dani faz muita birra para que Let\u00edcia n\u00e3o saia para o encontro com Rui Salgado. O cr\u00edtico chega e elogia Let\u00edcia. Clarita segura Dani para n\u00e3o atrapalhar a sa\u00edda de Let\u00edcia. No orfanato, as chiquititas descem as escadas para fugirem. Mosca diz que as meninas exageraram nas malas. Carol fica na loja para fechar o Caf\u00e9 Boutique. Junior pede para a namorada sentar e diz que hoje \u00e9 ele quem vai atend\u00ea-la. O rapaz diz que n\u00e3o gosta de ver a namorada triste. Carol diz que \u00e9 dif\u00edcil ficar longe das crian\u00e7as. Junior ri de Carol, que fica com a boca suja de doce. Ele diz que mesmo assim ela continua linda. No orfanato, Mosca desce primeiro pra ir at\u00e9 o por\u00e3o (local de onde v\u00e3o fugir). Mili diz que ser\u00e1 a \u00faltima para se certificar que todos est\u00e3o juntos. Vivi deixa cair um objeto no ch\u00e3o e acorda Ernestina, que munida de uma vassoura com lente sai do quarto pra investigar o que est\u00e1 acontecendo. Na sala, todos saem, menos Mili, Bia, Ana e Cris. As meninas fingem pra Ernestina que acordaram porque ouviram o barulho do alarme. A zeladora questiona o motivo delas estarem vestidas com roupa de sair.<\/p>\n<p>As chiquititas dizem que caso tivessem encontrado algu\u00e9m na sala n\u00e3o teria ficado bem serem vistas com roupa de dormir. As crian\u00e7as que conseguiram escapar de Ernestina fogem pelo por\u00e3o. Na casa de Carol, Dani faz birra e fala que n\u00e3o vai comer enquanto Let\u00edcia n\u00e3o voltar. A menina joga a comida no sof\u00e1, diz que n\u00e3o gosta de Clarita e Beto e que quer sua m\u00e3e. Em um conceituado restaurante, Rui Salgado e Let\u00edcia jantam. O cr\u00edtico observa que Let\u00edcia est\u00e1 inquieta com o hor\u00e1rio. Carol chega em casa e v\u00ea Dani. A menina diz que se machucou por conta de Clarita. Beto fala que a garota est\u00e1 fazendo manha. Carol explica que a m\u00e3e dela logo voltar\u00e1 pra casa. Clarita diz que Carol tem um jeito especial e consegue lidar com as crian\u00e7as. Na rua, os meninos e Pata levam Vivi e Tati para dormir no antigo barraco deles. As crian\u00e7as preparam papel\u00f5es pra dormirem no ch\u00e3o.<\/p>\n<p>Tati reclama de frio e Vivi deita junto com a irm\u00e3 para aquec\u00ea-la. Let\u00edcia volta para casa e antes de se despedir de Rui Salgado, os dois quase de beijam na boca. Vivi acorda ao tomar susto com uma barata que estava em sua barriga. Na manh\u00e3 seguinte, no orfanato, Ernestina entra no quarto das meninas para lev\u00e1-las para a escola. Mili diz que as demais crian\u00e7as desapareceram. Ernestina procura em todo orfanato e n\u00e3o acha nenhuma outra crian\u00e7a. A zeladora diz para Chico que n\u00e3o sabe o que fazer. Na sala, Ana, Bia, Cris e Mili dizem que n\u00e3o sabem onde est\u00e3o as outras chiquititas. Carmen chega ao orfanato com Duda e pergunta porque as crian\u00e7as ainda n\u00e3o foram para a escola. Chico diz que todas as crian\u00e7as sumiram. Carmen fica enfurecida e acha que as crian\u00e7as est\u00e3o escondidas. A diretora conta calmamente at\u00e9 10 pra ver se as crian\u00e7as aparecem. Enquanto isso, Duda vai ao p\u00e9 do ouvido de Mili e Cris e diz que sabe que as demais crian\u00e7as fugiram, mas que n\u00e3o contou nada para Carmen, pois n\u00e3o \u00e9 um menino chato que n\u00e3o pensa nos outros. Mili havia dito isso de Duda na reuni\u00e3o em que as chiquititas decidiremos fugir do orfanato.<\/p>\n<p>(*) edi\u00e7\u00e3o do SBT, Novela \u201cChiquititas\u201d, sujeito a altera\u00e7\u00e3o de data e conte\u00fado.<\/p>\n","protected":false},"excerpt":{"rendered":"<p>Novela \u201cChiquititas\u201d resumo 30\/12: no orfanato, as chiquititas descem as escadas para fugirem. Mosca desce primeiro para ir at\u00e9 o por\u00e3o e Mili diz que vai ser a \u00faltima para se certificar que todos est\u00e3o juntos. Vivi deixa cair um objeto no ch\u00e3o e acorda Ernestina. Na sala, todos saem menos Mili, Bia, Ana e [&hellip;]<\/p>\n","protected":false},"author":4,"featured_media":49690,"comment_status":"open","ping_status":"closed","sticky":false,"template":"","format":"standard","meta":{"tdm_status":"","tdm_grid_status":"","footnotes":""},"categories":[409,379,372,343],"tags":[441],"class_list":{"0":"post-103236","1":"post","2":"type-post","3":"status-publish","4":"format-standard","5":"has-post-thumbnail","7":"category-chiquititas","8":"category-novelas","9":"category-sbt","10":"category-televisao","11":"tag-resumo-do-dia"},"_links":{"self":[{"href":"https:\/\/migracao.redenoticia.com.br\/noticia\/wp-json\/wp\/v2\/posts\/103236","targetHints":{"allow":["GET"]}}],"collection":[{"href":"https:\/\/migracao.redenoticia.com.br\/noticia\/wp-json\/wp\/v2\/posts"}],"about":[{"href":"https:\/\/migracao.redenoticia.com.br\/noticia\/wp-json\/wp\/v2\/types\/post"}],"author":[{"embeddable":true,"href":"https:\/\/migracao.redenoticia.com.br\/noticia\/wp-json\/wp\/v2\/users\/4"}],"replies":[{"embeddable":true,"href":"https:\/\/migracao.redenoticia.com.br\/noticia\/wp-json\/wp\/v2\/comments?post=103236"}],"version-history":[{"count":0,"href":"https:\/\/migracao.redenoticia.com.br\/noticia\/wp-json\/wp\/v2\/posts\/103236\/revisions"}],"wp:featuredmedia":[{"embeddable":true,"href":"https:\/\/migracao.redenoticia.com.br\/noticia\/wp-json\/wp\/v2\/media\/49690"}],"wp:attachment":[{"href":"https:\/\/migracao.redenoticia.com.br\/noticia\/wp-json\/wp\/v2\/media?parent=103236"}],"wp:term":[{"taxonomy":"category","embeddable":true,"href":"https:\/\/migracao.redenoticia.com.br\/noticia\/wp-json\/wp\/v2\/categories?post=103236"},{"taxonomy":"post_tag","embeddable":true,"href":"https:\/\/migracao.redenoticia.com.br\/noticia\/wp-json\/wp\/v2\/tags?post=103236"}],"curies":[{"name":"wp","href":"https:\/\/api.w.org\/{rel}","templated":true}]}}