{"id":103242,"date":"2016-12-29T18:25:01","date_gmt":"2016-12-29T20:25:01","guid":{"rendered":"http:\/\/www.redenoticia.com.br\/noticia\/?p=103242"},"modified":"2016-12-29T18:17:09","modified_gmt":"2016-12-29T20:17:09","slug":"novela-a-gata-resumo-3012-paulo-perde-a-memoria","status":"publish","type":"post","link":"https:\/\/migracao.redenoticia.com.br\/noticia\/2016\/novela-a-gata-resumo-3012-paulo-perde-a-memoria\/103242","title":{"rendered":"Novela \u201cA Gata\u201d resumo 30\/12: Paulo perde a mem\u00f3ria"},"content":{"rendered":"<p><img loading=\"lazy\" decoding=\"async\" class=\"alignleft size-thumbnail wp-image-92254\" src=\"https:\/\/migracao.redenoticia.com.br\/noticia\/imagens\/A_Gata_novela_resumo_SBT-150x112.jpg\" alt=\"A_Gata_novela_resumo_SBT\" width=\"150\" height=\"112\" srcset=\"https:\/\/migracao.redenoticia.com.br\/noticia\/imagens\/A_Gata_novela_resumo_SBT-150x112.jpg 150w, https:\/\/migracao.redenoticia.com.br\/noticia\/imagens\/A_Gata_novela_resumo_SBT-265x198.jpg 265w\" sizes=\"auto, (max-width: 150px) 100vw, 150px\" \/><strong><em>Novela \u201cA Gata\u201d resumo 30\/12<\/em><\/strong>:\u00a0Dona Rita diz a Gisele que Paulo perdeu a mem\u00f3ria e isso \u00e9 muito bom, pois assim ele vai ficar longe de Esmeralda de uma vez por todas. Gisele pergunta por que Rita n\u00e3o considera Paulo o homem ideal para Esmeralda. Rita diz que, apesar dele ter muito dinheiro, n\u00e3o quer que eles fiquem juntos. Gisele faz Paulo acreditar que ambos s\u00e3o casados e que uma mulher obcecada por ele foi quem disparou. Paulo pergunta quem \u00e9 essa mulher e Gisele acusa Esmeralda. Paulo diz que ela vai ter que pagar pelo que fez. Paulo diz a Gisele que, j\u00e1 que s\u00e3o casados, deseja que fiquem juntos. <\/p>\n<p>No cap\u00edtulo 100(*), novela \u201cA Gata\u201d, sexta-feira, 30 de dezembro \u2013 Dona Rita diz a Gisele que Paulo perdeu a mem\u00f3ria e isso \u00e9 muito bom, pois assim ele estar\u00e1 longe de Esmeralda de uma vez por todas. Gisele pergunta por que Rita n\u00e3o considera Paulo o homem ideal para Esmeralda.<\/p>\n<p>Rita diz que apesar dele ter muito dinheiro, n\u00e3o quer ele e Esmeralda juntos. Gisele faz Paulo acreditar que ambos s\u00e3o casados e que uma mulher obcecada por ele foi quem disparou. Paulo pergunta quem \u00e9 essa mulher e Gisele acusa Esmeralda. Paulo diz que ela ter\u00e1 que pagar pelo que fez. Ao ver Lorena angustiada, Augusto diz que talvez Paulo j\u00e1 tenha se dado conta da v\u00edbora que tem por m\u00e3e.<\/p>\n<p>Lorena responde que deseja que Augusto desapare\u00e7a para sempre. O senhor Montalvo diz a Garibaldo que admira Esmeralda, pois ela \u00e9 muito honesta e trabalhadora. Paulo diz a Gisele que, j\u00e1 que s\u00e3o casados, deseja que fiquem juntos.<\/p>\n<p>(*) edi\u00e7\u00e3o do SBT, Novela \u201cA Gata\u201d, sujeito a altera\u00e7\u00e3o de data e conte\u00fado.<\/p>\n","protected":false},"excerpt":{"rendered":"<p>Novela \u201cA Gata\u201d resumo 30\/12:\u00a0Dona Rita diz a Gisele que Paulo perdeu a mem\u00f3ria e isso \u00e9 muito bom, pois assim ele vai ficar longe de Esmeralda de uma vez por todas. Gisele pergunta por que Rita n\u00e3o considera Paulo o homem ideal para Esmeralda. Rita diz que, apesar dele ter muito dinheiro, n\u00e3o quer [&hellip;]<\/p>\n","protected":false},"author":4,"featured_media":92254,"comment_status":"open","ping_status":"closed","sticky":false,"template":"","format":"standard","meta":{"tdm_status":"","tdm_grid_status":"","footnotes":""},"categories":[379,372,343],"tags":[441],"class_list":{"0":"post-103242","1":"post","2":"type-post","3":"status-publish","4":"format-standard","5":"has-post-thumbnail","7":"category-novelas","8":"category-sbt","9":"category-televisao","10":"tag-resumo-do-dia"},"_links":{"self":[{"href":"https:\/\/migracao.redenoticia.com.br\/noticia\/wp-json\/wp\/v2\/posts\/103242","targetHints":{"allow":["GET"]}}],"collection":[{"href":"https:\/\/migracao.redenoticia.com.br\/noticia\/wp-json\/wp\/v2\/posts"}],"about":[{"href":"https:\/\/migracao.redenoticia.com.br\/noticia\/wp-json\/wp\/v2\/types\/post"}],"author":[{"embeddable":true,"href":"https:\/\/migracao.redenoticia.com.br\/noticia\/wp-json\/wp\/v2\/users\/4"}],"replies":[{"embeddable":true,"href":"https:\/\/migracao.redenoticia.com.br\/noticia\/wp-json\/wp\/v2\/comments?post=103242"}],"version-history":[{"count":0,"href":"https:\/\/migracao.redenoticia.com.br\/noticia\/wp-json\/wp\/v2\/posts\/103242\/revisions"}],"wp:featuredmedia":[{"embeddable":true,"href":"https:\/\/migracao.redenoticia.com.br\/noticia\/wp-json\/wp\/v2\/media\/92254"}],"wp:attachment":[{"href":"https:\/\/migracao.redenoticia.com.br\/noticia\/wp-json\/wp\/v2\/media?parent=103242"}],"wp:term":[{"taxonomy":"category","embeddable":true,"href":"https:\/\/migracao.redenoticia.com.br\/noticia\/wp-json\/wp\/v2\/categories?post=103242"},{"taxonomy":"post_tag","embeddable":true,"href":"https:\/\/migracao.redenoticia.com.br\/noticia\/wp-json\/wp\/v2\/tags?post=103242"}],"curies":[{"name":"wp","href":"https:\/\/api.w.org\/{rel}","templated":true}]}}