{"id":103246,"date":"2016-12-29T16:25:29","date_gmt":"2016-12-29T18:25:29","guid":{"rendered":"http:\/\/www.redenoticia.com.br\/noticia\/?p=103246"},"modified":"2016-12-29T18:11:51","modified_gmt":"2016-12-29T20:11:51","slug":"novela-querida-inimiga-resumo-3012-vasco-sofre-um-acidente-provocado-por-lalo","status":"publish","type":"post","link":"https:\/\/migracao.redenoticia.com.br\/noticia\/2016\/novela-querida-inimiga-resumo-3012-vasco-sofre-um-acidente-provocado-por-lalo\/103246","title":{"rendered":"Novela \u201cQuerida Inimiga\u201d resumo 30\/12: Vasco sofre acidente provocado por Lalo"},"content":{"rendered":"<p><img loading=\"lazy\" decoding=\"async\" class=\"alignleft size-thumbnail wp-image-99744\" src=\"https:\/\/migracao.redenoticia.com.br\/noticia\/imagens\/querida_inimiga_resumo_novela_SBT-150x112.jpg\" alt=\"querida_inimiga_resumo_novela_sbt\" width=\"150\" height=\"112\" srcset=\"https:\/\/migracao.redenoticia.com.br\/noticia\/imagens\/querida_inimiga_resumo_novela_SBT-150x112.jpg 150w, https:\/\/migracao.redenoticia.com.br\/noticia\/imagens\/querida_inimiga_resumo_novela_SBT-265x198.jpg 265w\" sizes=\"auto, (max-width: 150px) 100vw, 150px\" \/><strong><em>Novela \u201cQuerida Inimiga\u201d resumo 30\/12<\/em><\/strong>: em um evento de caridade oferecido por Hort\u00eancia, com o objetivo de arrecadar dinheiro para um orfanato, Jaime bebe al\u00e9m da conta e diz que sua m\u00e3e \u00e9 uma hip\u00f3crita. Os rep\u00f3rteres aproveitam para tirar fotos e registrar todo o momento. Conforme as ordens de Sara, Lalo sabota o carro de Jaime para acabar com ele. Vasco conduz Jaime ao carro para lev\u00e1-lo para a casa. No caminho, Jaime desce do carro e segue a caminhar. Vasco o segue de carro mas, sem que perceba, acaba por ter um problema e o bate. Chega a ambul\u00e2ncia e leva Vasco para a cl\u00ednica de Alonso. Vasco \u00e9 submetido a uma opera\u00e7\u00e3o. Mais tarde, Alonso diz que Vasco saiu bem da opera\u00e7\u00e3o, mas pode ficar com sequelas. Depois de vagar pela cidade e dormir em uma pra\u00e7a, Jaime chega \u00e0 mans\u00e3o de Hort\u00eancia onde recebe a m\u00e1 noticia. Hort\u00eancia e B\u00e1rbara culpam Jaime pelo ocorrido. <\/p>\n<p>No cap\u00edtulo 033(*), novela \u201cQuerida Inimiga\u201d, sexta-feira, 30 de dezembro \u2013 em um evento de caridade oferecido por Hort\u00eancia com o objetivo de arrecadar dinheiro para um orfanato, Jaime bebe al\u00e9m da conta e causa um esc\u00e2ndalo, dizendo que sua m\u00e3e \u00e9 uma hip\u00f3crita. Os rep\u00f3rteres aproveitam para tirar fotos e registrar todo o momento. Hort\u00eancia pede a Sara que fique atenta aos jornais para ver como retrataram seu evento. Seguindo ordens de Sara, Lalo sabota o carro de Jaime para acabar com ele.<\/p>\n<p>Vasco conduz Jaime ao carro para lev\u00e1-lo para a casa. No caminho, Jaime desce do carro e segue caminhando. Vasco o segue de carro, mas sem que perceba acaba tendo um problema e o bate. Chega a ambul\u00e2ncia e leva Vasco para a cl\u00ednica de Alonso. Jaime segue caminhando, alheio ao que est\u00e1 ocorrendo. Vasco \u00e9 submetido a uma opera\u00e7\u00e3o. B\u00e1rbara est\u00e1 desesperada e Hort\u00eancia culpa Jaime pelo ocorrido. Alonso diz que Vasco saiu bem da opera\u00e7\u00e3o, mas pode ficar com sequelas. Zulema n\u00e3o quer informar a Diana o corrido por seu estado gestacional, mas se v\u00ea obrigada a faz\u00ea-lo. Diana se surpreende e desmaia.<\/p>\n<p>Lorena, Maria e Rose tamb\u00e9m v\u00e3o se informar sobre Vasco. Omar se porta friamente com Lorena, Sara finge que tudo est\u00e1 bem entre elas, mas diz a Lorena que seria melhor se ela se retirasse. Depois de vagar pela cidade e dormir em uma pra\u00e7a, Jaime chega a mans\u00e3o de Hort\u00eancia onde recebe a m\u00e1 noticia. Hort\u00eancia e B\u00e1rbara culpam Jaime pelo ocorrido. Lorena vai caminhando para a sa\u00edda do hospital. Ela encontra Alonso sua bolsa cai. Alonso se agacha para recolh\u00ea-la e se d\u00e1 conta de quem \u00e9 sua dona.<\/p>\n<p>(*) edi\u00e7\u00e3o do SBT, Novela \u201cQuerida Inimiga\u201d, sujeito a altera\u00e7\u00e3o de data e conte\u00fado.<\/p>\n","protected":false},"excerpt":{"rendered":"<p>Novela \u201cQuerida Inimiga\u201d resumo 30\/12: em um evento de caridade oferecido por Hort\u00eancia, com o objetivo de arrecadar dinheiro para um orfanato, Jaime bebe al\u00e9m da conta e diz que sua m\u00e3e \u00e9 uma hip\u00f3crita. Os rep\u00f3rteres aproveitam para tirar fotos e registrar todo o momento. Conforme as ordens de Sara, Lalo sabota o carro [&hellip;]<\/p>\n","protected":false},"author":4,"featured_media":99744,"comment_status":"open","ping_status":"closed","sticky":false,"template":"","format":"standard","meta":{"tdm_status":"","tdm_grid_status":"","footnotes":""},"categories":[379,372,343],"tags":[441],"class_list":{"0":"post-103246","1":"post","2":"type-post","3":"status-publish","4":"format-standard","5":"has-post-thumbnail","7":"category-novelas","8":"category-sbt","9":"category-televisao","10":"tag-resumo-do-dia"},"_links":{"self":[{"href":"https:\/\/migracao.redenoticia.com.br\/noticia\/wp-json\/wp\/v2\/posts\/103246","targetHints":{"allow":["GET"]}}],"collection":[{"href":"https:\/\/migracao.redenoticia.com.br\/noticia\/wp-json\/wp\/v2\/posts"}],"about":[{"href":"https:\/\/migracao.redenoticia.com.br\/noticia\/wp-json\/wp\/v2\/types\/post"}],"author":[{"embeddable":true,"href":"https:\/\/migracao.redenoticia.com.br\/noticia\/wp-json\/wp\/v2\/users\/4"}],"replies":[{"embeddable":true,"href":"https:\/\/migracao.redenoticia.com.br\/noticia\/wp-json\/wp\/v2\/comments?post=103246"}],"version-history":[{"count":0,"href":"https:\/\/migracao.redenoticia.com.br\/noticia\/wp-json\/wp\/v2\/posts\/103246\/revisions"}],"wp:featuredmedia":[{"embeddable":true,"href":"https:\/\/migracao.redenoticia.com.br\/noticia\/wp-json\/wp\/v2\/media\/99744"}],"wp:attachment":[{"href":"https:\/\/migracao.redenoticia.com.br\/noticia\/wp-json\/wp\/v2\/media?parent=103246"}],"wp:term":[{"taxonomy":"category","embeddable":true,"href":"https:\/\/migracao.redenoticia.com.br\/noticia\/wp-json\/wp\/v2\/categories?post=103246"},{"taxonomy":"post_tag","embeddable":true,"href":"https:\/\/migracao.redenoticia.com.br\/noticia\/wp-json\/wp\/v2\/tags?post=103246"}],"curies":[{"name":"wp","href":"https:\/\/api.w.org\/{rel}","templated":true}]}}