{"id":103282,"date":"2016-12-30T06:35:18","date_gmt":"2016-12-30T08:35:18","guid":{"rendered":"http:\/\/www.redenoticia.com.br\/noticia\/?p=103282"},"modified":"2016-12-29T18:36:18","modified_gmt":"2016-12-29T20:36:18","slug":"joao-doria-anuncia-plano-operacao-chuva-de-verao-na-capital-paulista","status":"publish","type":"post","link":"https:\/\/migracao.redenoticia.com.br\/noticia\/2016\/joao-doria-anuncia-plano-operacao-chuva-de-verao-na-capital-paulista\/103282","title":{"rendered":"Jo\u00e3o Doria anuncia plano Opera\u00e7\u00e3o Chuva de Ver\u00e3o na capital paulista"},"content":{"rendered":"<p> O futuro prefeito da cidade de S\u00e3o Paulo, Jo\u00e3o Doria, apresentou o plano da <strong><em>Opera\u00e7\u00e3o Chuvas de Ver\u00e3o<\/em><\/strong> 2016\/2017, no Centro Integrado de Comando e Controle Regional (CICCR-SP). Doria ressaltou a integra\u00e7\u00e3o como diferencial na opera\u00e7\u00e3o. \u201cCriamos este comit\u00ea para as chuvas de ver\u00e3o, integrando governo do estado, governo municipal e outros entes numa a\u00e7\u00e3o conjunta. A opera\u00e7\u00e3o j\u00e1 est\u00e1 dentro de um novo conceito de gest\u00e3o, uma a\u00e7\u00e3o com a transversalidade de diversas \u00e1reas, e tamb\u00e9m com empresas fornecedoras da prefeitura e do governo do estado\u201d. Segundo ele, a opera\u00e7\u00e3o \u00e9 um conjunto de atitudes e a\u00e7\u00f5es estruturantes. \u201cDessa maneira, vamos buscar mais efici\u00eancia de gest\u00e3o, maior integra\u00e7\u00e3o das a\u00e7\u00f5es e, consequentemente, melhores resultados para prevenir os efeitos da chuva\u201d, acredita.<\/p>\n<p>A partir do CICCR, 13 ag\u00eancias \u2013 Companhia de Engenharia de Trafego (CET), SPTrans, AES Eletropaulo, Cia de Saneamento B\u00e1sico do estado (Sabesp), Defesa Civil municipal e estadual, Pol\u00edcia Civil, Pol\u00edcia Militar, Guarda Civil Metropolitana, Departamento de \u00c1guas e Energia El\u00e9trica (Daee), Metr\u00f4, Companhia Paulista de Trens Metropolitanos (CPTM) e Corpo de Bombeiro \u2013 v\u00e3o atuar em conjunto para superar a fase cr\u00edtica de chuvas, de dezembro a mar\u00e7o. \u201cEste ser\u00e1 o centro de controle e monitoramento da opera\u00e7\u00e3o, e vai funcionar 24 horas, em a\u00e7\u00e3o integrada e articulada, a partir do dia 1\u00ba de janeiro\u201d, informou Doria.<\/p>\n<p>O pr\u00f3ximo prefeito da capital paulista disse que ser\u00e1 a primeira vez que a a\u00e7\u00e3o integrada ser\u00e1 realizada sob comando do CICCR-SP. Para ele, ser\u00e1 o \u201cprimeiro grande teste de como essa a\u00e7\u00e3o pode melhorar a qualidade de vida das pessoas e, principalmente, diminuir os efeitos das chuvas nesses pr\u00f3ximos tr\u00eas meses\u201d.<\/p>\n<p>Monitoramento imediato<\/p>\n<p>O CICCR-SP est\u00e1 instalado na Secretaria Estadual de Planejamento e Desenvolvimento Regional, no bairro da Luz, centro da cidade. O centro tem capacidade para operar com 60 ag\u00eancias distintas e \u00e9 um dos legados da Copa do Mundo de 2014. \u201cDesta sala de controle temos a experi\u00eancia de controlar as opera\u00e7\u00f5es de seguran\u00e7a p\u00fablica do estado, e aqui j\u00e1 foi controlada a opera\u00e7\u00e3o para a Copa e para as Olimp\u00edadas de 2016. Com as ag\u00eancias, facilitamos a preven\u00e7\u00e3o e a pronta resposta em caso de qualquer anormalidade no per\u00edodo de chuvas\u201d, frisou o coronel Marcos, comandante do centro.<\/p>\n<p>O superintendente do DAEE, Ricardo Daruiz Borsari, disse que a primeira a\u00e7\u00e3o do \u00f3rg\u00e3o \u00e9 na linha da previs\u00e3o. \u201cOperamos no radar meteorol\u00f3gico, na barragem de Ponte Nova. S\u00e3o mais de 200 esta\u00e7\u00f5es telemedidas online, de cinco em cinco minutos, sobre a chuva e o n\u00edvel dos principais drenos nos c\u00f3rregos e rios da capital, n\u00edvel de \u00e1gua em todos os reservat\u00f3rios de reten\u00e7\u00e3o\u201d, e isso permite uma atua\u00e7\u00e3o integrada imediata. Os dados estar\u00e3o dispon\u00edveis em todos os agentes envolvidos na opera\u00e7\u00e3o, acrescentou.<\/p>\n<p>O coordenador do Programa de Combate \u00e0s Enchentes e futuro secret\u00e1rio adjunto das prefeituras regionais, F\u00e1bio Lepique, havera diferentes a\u00e7\u00f5es planejadas de preven\u00e7\u00e3o no tratamento do lixo, por exemplo. Segundo ele, haver\u00e1 coleta excepcional dos res\u00edduos s\u00f3lidos domiciliares e as empresas coletadoras v\u00e3o estruturar hor\u00e1rios mais adequados, de acordo com as chuvas. Quando necess\u00e1rio, as varri\u00e7\u00f5es e coletas ser\u00e3o antecipadas, al\u00e9m de a administra\u00e7\u00e3o p\u00fablica intensificar a limpeza de bocas de lobo e bueiros.<\/p>\n<p>As principais preocupa\u00e7\u00f5es do paulistano no per\u00edodo de chuvas s\u00e3o as quedas de \u00e1rvores e a interrup\u00e7\u00e3o dos sem\u00e1foros. Sobre isso, Doria promete a troca de sem\u00e1foros. \u201cFaremos um esfor\u00e7o junto \u00e0 Eletropaulo para melhorar a energiza\u00e7\u00e3o dos sem\u00e1foros e tamb\u00e9m a troca por outros mais modernos, blindados, que evitem situa\u00e7\u00e3o que, lamentavelmente, se tornou tradi\u00e7\u00e3o na cidade: uma quantidade enorme de sem\u00e1foros que n\u00e3o funcionam durante a chuva\u201d.<\/p>\n<p>Quanto \u00e0s quedas de \u00e1rvores, o pr\u00f3ximo secret\u00e1rio de Seguran\u00e7a Urbana, coronel Jos\u00e9 Roberto Rodrigues de Oliveira, disse que haver\u00e1 um estudo aprofundado. \u201cVamos mapear todas as \u00e1rvores em conjunto com a Secretaria do Meio Ambiente para poder [adotar] a\u00e7\u00f5es. A partir de 1\u00ba de janeiro, teremos um trabalho focado, trazendo especialistas para que possamos entender o problema, e a partir da\u00ed demandar solu\u00e7\u00f5es\u201d.<\/p>\n<p>Uma a\u00e7\u00e3o que gerou resultado na cidade foi a implanta\u00e7\u00e3o de sensores eletr\u00f4nicos nas bocas de lobo e bueiros. \u00c9 um sistema inteligente de monitoramento que identifica res\u00edduos antes de eles bloquearem completamente a entrada de \u00e1gua. O futuro prefeito afirma que vai continuar o trabalho, instalado em 110 bueiros e bocas de lobo em regi\u00f5es com hist\u00f3rico de alagamentos frequentes durante as chuvas. \u201cEssa \u00e9 uma tecnologia moderna e muito funcional, pois demonstra, r\u00e1pida e eficientemente, as bocas de lobo que exigem limpeza imediata. N\u00f3s vamos prosseguir com esse programa\u201d, garantiu.<\/p>\n<p>Ludmilla Souza \u2013 Rep\u00f3rter da Ag\u00eancia Brasil<br \/>\nEdi\u00e7\u00e3o: St\u00eanio Ribeiro<br \/>\n30\/12\/2016<\/p>\n","protected":false},"excerpt":{"rendered":"<p>O futuro prefeito da cidade de S\u00e3o Paulo, Jo\u00e3o Doria, apresentou o plano da Opera\u00e7\u00e3o Chuvas de Ver\u00e3o 2016\/2017, no Centro Integrado de Comando e Controle Regional (CICCR-SP). Doria ressaltou a integra\u00e7\u00e3o como diferencial na opera\u00e7\u00e3o. \u201cCriamos este comit\u00ea para as chuvas de ver\u00e3o, integrando governo do estado, governo municipal e outros entes numa a\u00e7\u00e3o [&hellip;]<\/p>\n","protected":false},"author":2,"featured_media":26302,"comment_status":"open","ping_status":"closed","sticky":false,"template":"","format":"standard","meta":{"tdm_status":"","tdm_grid_status":"","footnotes":""},"categories":[22],"tags":[],"class_list":{"0":"post-103282","1":"post","2":"type-post","3":"status-publish","4":"format-standard","5":"has-post-thumbnail","7":"category-brasil"},"_links":{"self":[{"href":"https:\/\/migracao.redenoticia.com.br\/noticia\/wp-json\/wp\/v2\/posts\/103282","targetHints":{"allow":["GET"]}}],"collection":[{"href":"https:\/\/migracao.redenoticia.com.br\/noticia\/wp-json\/wp\/v2\/posts"}],"about":[{"href":"https:\/\/migracao.redenoticia.com.br\/noticia\/wp-json\/wp\/v2\/types\/post"}],"author":[{"embeddable":true,"href":"https:\/\/migracao.redenoticia.com.br\/noticia\/wp-json\/wp\/v2\/users\/2"}],"replies":[{"embeddable":true,"href":"https:\/\/migracao.redenoticia.com.br\/noticia\/wp-json\/wp\/v2\/comments?post=103282"}],"version-history":[{"count":0,"href":"https:\/\/migracao.redenoticia.com.br\/noticia\/wp-json\/wp\/v2\/posts\/103282\/revisions"}],"wp:featuredmedia":[{"embeddable":true,"href":"https:\/\/migracao.redenoticia.com.br\/noticia\/wp-json\/wp\/v2\/media\/26302"}],"wp:attachment":[{"href":"https:\/\/migracao.redenoticia.com.br\/noticia\/wp-json\/wp\/v2\/media?parent=103282"}],"wp:term":[{"taxonomy":"category","embeddable":true,"href":"https:\/\/migracao.redenoticia.com.br\/noticia\/wp-json\/wp\/v2\/categories?post=103282"},{"taxonomy":"post_tag","embeddable":true,"href":"https:\/\/migracao.redenoticia.com.br\/noticia\/wp-json\/wp\/v2\/tags?post=103282"}],"curies":[{"name":"wp","href":"https:\/\/api.w.org\/{rel}","templated":true}]}}