{"id":103288,"date":"2016-12-30T06:38:14","date_gmt":"2016-12-30T08:38:14","guid":{"rendered":"http:\/\/www.redenoticia.com.br\/noticia\/?p=103288"},"modified":"2016-12-29T18:39:37","modified_gmt":"2016-12-29T20:39:37","slug":"indice-que-reajusta-o-aluguel-varia-717-em-12-meses","status":"publish","type":"post","link":"https:\/\/migracao.redenoticia.com.br\/noticia\/2016\/indice-que-reajusta-o-aluguel-varia-717-em-12-meses\/103288","title":{"rendered":"\u00cdndice que reajusta o aluguel varia 7,17% em 12 meses"},"content":{"rendered":"<p> O \u00cdndice Geral de Pre\u00e7os \u2013 Mercado (<strong><em>IGP-M<\/em><\/strong>), que reajusta os alugueis, apresentou varia\u00e7\u00e3o acumulada de 7,17% entre janeiro e dezembro deste ano. Em 2015, no mesmo per\u00edodo, a alta foi de 10,54%. Os dados foram divulgados pela Funda\u00e7\u00e3o Getulio Vargas.<\/p>\n<p> Este m\u00eas, a alta foi de 0,54% e, em dezembro do ano passado, a varia\u00e7\u00e3o havia sido de 0,49%. O \u00cdndice de Pre\u00e7os ao Produtor Amplo (IPA) apresentou taxa de varia\u00e7\u00e3o de 0,69%. No m\u00eas anterior, a taxa foi de -0,16%.<\/p>\n<p> O \u00cdndice de Bens Finais variou -0,26% em dezembro. Em novembro, este grupo de produtos mostrou varia\u00e7\u00e3o de -0,82%. Contribuiu para o avan\u00e7o o subgrupo alimentos in natura, cuja taxa de varia\u00e7\u00e3o passou de -8,90% para -5,04%.<\/p>\n<p>No grupo Bens Intermedi\u00e1rios, o \u00edndice variou 0,53%. Em novembro, a taxa foi de -0,43%. O principal respons\u00e1vel por este resultado foi o subgrupo combust\u00edveis e lubrificantes para a produ\u00e7\u00e3o, cuja taxa de varia\u00e7\u00e3o passou de -3,82% para -0,51%.<\/p>\n<p>O \u00cdndice de Pre\u00e7os ao Consumidor (IPC) registrou varia\u00e7\u00e3o de 0,20%, em dezembro, ante 0,26%, em novembro. Quatro das oito classes de despesa componentes do \u00edndice registraram decr\u00e9scimo em suas taxas de varia\u00e7\u00e3o. A principal contribui\u00e7\u00e3o partiu do grupo habita\u00e7\u00e3o (0,26% para -0,62%).<\/p>\n<p>Apresentaram decr\u00e9scimo em suas taxas de varia\u00e7\u00e3o os grupos: Transportes (0,53% para 0,45%), Sa\u00fade e Cuidados Pessoais (0,63% para 0,60%) e Comunica\u00e7\u00e3o (0,40% para 0,12%). Em contrapartida, apresentaram acr\u00e9scimo os grupos: Alimenta\u00e7\u00e3o (-0,07% para 0,21%), Educa\u00e7\u00e3o, Leitura e Recrea\u00e7\u00e3o (0,32% para 1,16%), Despesas Diversas (0,14% para 1,04%) e Vestu\u00e1rio (0,14% para 0,36%).<\/p>\n<p>O \u00cdndice Nacional de Custo da Constru\u00e7\u00e3o (INCC) registrou, em dezembro, taxa de varia\u00e7\u00e3o de 0,36%. No m\u00eas anterior, este \u00edndice variou 0,17%. O \u00edndice relativo a Materiais, Equipamentos e Servi\u00e7os registrou varia\u00e7\u00e3o de 0,15%. No m\u00eas anterior, a taxa havia sido de -0,05%.<\/p>\n<p>Fernanda Cruz &#8211; Rep\u00f3rter da Ag\u00eancia Brasil<br \/>\nEdi\u00e7\u00e3o: Lidia Neves<br \/>\n30\/12\/2016<\/p>\n","protected":false},"excerpt":{"rendered":"<p>O \u00cdndice Geral de Pre\u00e7os \u2013 Mercado (IGP-M), que reajusta os alugueis, apresentou varia\u00e7\u00e3o acumulada de 7,17% entre janeiro e dezembro deste ano. Em 2015, no mesmo per\u00edodo, a alta foi de 10,54%. Os dados foram divulgados pela Funda\u00e7\u00e3o Getulio Vargas. Este m\u00eas, a alta foi de 0,54% e, em dezembro do ano passado, a [&hellip;]<\/p>\n","protected":false},"author":2,"featured_media":57585,"comment_status":"open","ping_status":"closed","sticky":false,"template":"","format":"standard","meta":{"tdm_status":"","tdm_grid_status":"","footnotes":""},"categories":[22,7],"tags":[],"class_list":{"0":"post-103288","1":"post","2":"type-post","3":"status-publish","4":"format-standard","5":"has-post-thumbnail","7":"category-brasil","8":"category-economia"},"_links":{"self":[{"href":"https:\/\/migracao.redenoticia.com.br\/noticia\/wp-json\/wp\/v2\/posts\/103288","targetHints":{"allow":["GET"]}}],"collection":[{"href":"https:\/\/migracao.redenoticia.com.br\/noticia\/wp-json\/wp\/v2\/posts"}],"about":[{"href":"https:\/\/migracao.redenoticia.com.br\/noticia\/wp-json\/wp\/v2\/types\/post"}],"author":[{"embeddable":true,"href":"https:\/\/migracao.redenoticia.com.br\/noticia\/wp-json\/wp\/v2\/users\/2"}],"replies":[{"embeddable":true,"href":"https:\/\/migracao.redenoticia.com.br\/noticia\/wp-json\/wp\/v2\/comments?post=103288"}],"version-history":[{"count":0,"href":"https:\/\/migracao.redenoticia.com.br\/noticia\/wp-json\/wp\/v2\/posts\/103288\/revisions"}],"wp:featuredmedia":[{"embeddable":true,"href":"https:\/\/migracao.redenoticia.com.br\/noticia\/wp-json\/wp\/v2\/media\/57585"}],"wp:attachment":[{"href":"https:\/\/migracao.redenoticia.com.br\/noticia\/wp-json\/wp\/v2\/media?parent=103288"}],"wp:term":[{"taxonomy":"category","embeddable":true,"href":"https:\/\/migracao.redenoticia.com.br\/noticia\/wp-json\/wp\/v2\/categories?post=103288"},{"taxonomy":"post_tag","embeddable":true,"href":"https:\/\/migracao.redenoticia.com.br\/noticia\/wp-json\/wp\/v2\/tags?post=103288"}],"curies":[{"name":"wp","href":"https:\/\/api.w.org\/{rel}","templated":true}]}}