{"id":103299,"date":"2016-12-30T19:53:49","date_gmt":"2016-12-30T21:53:49","guid":{"rendered":"http:\/\/www.redenoticia.com.br\/noticia\/?p=103299"},"modified":"2016-12-29T18:59:58","modified_gmt":"2016-12-29T20:59:58","slug":"novela-ezel-resumo-3112-ezel-dirige-ate-a-casa-de-melia-para-salvar-mert","status":"publish","type":"post","link":"https:\/\/migracao.redenoticia.com.br\/noticia\/2016\/novela-ezel-resumo-3112-ezel-dirige-ate-a-casa-de-melia-para-salvar-mert\/103299","title":{"rendered":"Novela \u201cEzel\u201d resumo 31\/12: Ezel  dirige at\u00e9 a casa de Meli\u00e1 para salvar Mert"},"content":{"rendered":"<p> <img loading=\"lazy\" decoding=\"async\" class=\"alignleft size-thumbnail wp-image-98061\" src=\"https:\/\/migracao.redenoticia.com.br\/noticia\/imagens\/ezel_novela_band_resumo-150x112.jpg\" alt=\"ezel_novela_band_resumo\" width=\"150\" height=\"112\" srcset=\"https:\/\/migracao.redenoticia.com.br\/noticia\/imagens\/ezel_novela_band_resumo-150x112.jpg 150w, https:\/\/migracao.redenoticia.com.br\/noticia\/imagens\/ezel_novela_band_resumo-265x198.jpg 265w\" sizes=\"auto, (max-width: 150px) 100vw, 150px\" \/><strong><em> Novela \u201cEzel\u201d resumo 31\/12<\/em><\/strong>: Erem rouba a arma de Ali e vai at\u00e9 a casa de Mert para amea\u00e7\u00e1-lo. Ezel \u00e9 avisado por Tefo e dirige at\u00e9 a casa de Meli\u00e1 para salvar Mert. Mert se lembra que, no passado, foi amea\u00e7ado por um homem que dizia ser s\u00f3cio do cassino roubado. Este homem \u00e9 Hassam.<\/p>\n<p>No capitulo 048 (*), novela \u201cEzel\u201d, s\u00e1bado, 31 de dezembro &#8211; Erem rouba a arma de Ali e vai at\u00e9 a casa de Mert para amea\u00e7\u00e1-lo. O m\u00e9dico que operou Omer arruma as malas para fugir. Ezel \u00e9 avisado por Tefo e dirige at\u00e9 a casa de Meli\u00e1 para salvar Mert.<\/p>\n<p> Mert se lembra que, no passado, foi amea\u00e7ado por um homem que dizia ser s\u00f3cio do cassino roubado. Este homem \u00e9 Hassam. Ali vai at\u00e9 a casa do m\u00e9dico que operou Omer e rouba as fichas da opera\u00e7\u00e3o. O m\u00e9dico reage e Ali sai sem as provas.<\/p>\n<p> Serdar consegue descobrir o local onde Ezel morava no passado. Meli\u00e1 pede que Ezel conte a verdade para Mert. Tefo consegue roubar a carteira de Serdar e conta para Ezel que Serdar \u00e9 o pai de Eysan. Kamil volta a viver com a fam\u00edlia.<\/p>\n<p>(*) edi\u00e7\u00e3o da Band, Novela \u201cEzel\u201d, sujeito a altera\u00e7\u00e3o de data e conte\u00fado.<\/p>\n","protected":false},"excerpt":{"rendered":"<p>Novela \u201cEzel\u201d resumo 31\/12: Erem rouba a arma de Ali e vai at\u00e9 a casa de Mert para amea\u00e7\u00e1-lo. Ezel \u00e9 avisado por Tefo e dirige at\u00e9 a casa de Meli\u00e1 para salvar Mert. Mert se lembra que, no passado, foi amea\u00e7ado por um homem que dizia ser s\u00f3cio do cassino roubado. Este homem \u00e9 [&hellip;]<\/p>\n","protected":false},"author":2,"featured_media":98061,"comment_status":"open","ping_status":"closed","sticky":false,"template":"","format":"standard","meta":{"tdm_status":"","tdm_grid_status":"","footnotes":""},"categories":[390,379,343],"tags":[441],"class_list":{"0":"post-103299","1":"post","2":"type-post","3":"status-publish","4":"format-standard","5":"has-post-thumbnail","7":"category-band","8":"category-novelas","9":"category-televisao","10":"tag-resumo-do-dia"},"_links":{"self":[{"href":"https:\/\/migracao.redenoticia.com.br\/noticia\/wp-json\/wp\/v2\/posts\/103299","targetHints":{"allow":["GET"]}}],"collection":[{"href":"https:\/\/migracao.redenoticia.com.br\/noticia\/wp-json\/wp\/v2\/posts"}],"about":[{"href":"https:\/\/migracao.redenoticia.com.br\/noticia\/wp-json\/wp\/v2\/types\/post"}],"author":[{"embeddable":true,"href":"https:\/\/migracao.redenoticia.com.br\/noticia\/wp-json\/wp\/v2\/users\/2"}],"replies":[{"embeddable":true,"href":"https:\/\/migracao.redenoticia.com.br\/noticia\/wp-json\/wp\/v2\/comments?post=103299"}],"version-history":[{"count":0,"href":"https:\/\/migracao.redenoticia.com.br\/noticia\/wp-json\/wp\/v2\/posts\/103299\/revisions"}],"wp:featuredmedia":[{"embeddable":true,"href":"https:\/\/migracao.redenoticia.com.br\/noticia\/wp-json\/wp\/v2\/media\/98061"}],"wp:attachment":[{"href":"https:\/\/migracao.redenoticia.com.br\/noticia\/wp-json\/wp\/v2\/media?parent=103299"}],"wp:term":[{"taxonomy":"category","embeddable":true,"href":"https:\/\/migracao.redenoticia.com.br\/noticia\/wp-json\/wp\/v2\/categories?post=103299"},{"taxonomy":"post_tag","embeddable":true,"href":"https:\/\/migracao.redenoticia.com.br\/noticia\/wp-json\/wp\/v2\/tags?post=103299"}],"curies":[{"name":"wp","href":"https:\/\/api.w.org\/{rel}","templated":true}]}}