{"id":103321,"date":"2016-12-30T18:05:45","date_gmt":"2016-12-30T20:05:45","guid":{"rendered":"http:\/\/www.redenoticia.com.br\/noticia\/?p=103321"},"modified":"2016-12-30T18:28:54","modified_gmt":"2016-12-30T20:28:54","slug":"novela-malhacao-resumo-0201-toninho-faz-proposta-a-barbara","status":"publish","type":"post","link":"https:\/\/migracao.redenoticia.com.br\/noticia\/2016\/novela-malhacao-resumo-0201-toninho-faz-proposta-a-barbara\/103321","title":{"rendered":"Novela \u201cMalha\u00e7\u00e3o\u201d resumo 02\/01: Toninho faz proposta \u00e0 B\u00e1rbara"},"content":{"rendered":"<p><img loading=\"lazy\" decoding=\"async\" class=\"alignleft size-thumbnail wp-image-91715\" src=\"https:\/\/migracao.redenoticia.com.br\/noticia\/imagens\/malhacao_pro_dia_nascer_feliz_resumo_novela-150x112.jpg\" alt=\"malhacao_pro_dia_nascer_feliz_resumo_novela\" width=\"150\" height=\"112\" srcset=\"https:\/\/migracao.redenoticia.com.br\/noticia\/imagens\/malhacao_pro_dia_nascer_feliz_resumo_novela-150x112.jpg 150w, https:\/\/migracao.redenoticia.com.br\/noticia\/imagens\/malhacao_pro_dia_nascer_feliz_resumo_novela-265x198.jpg 265w\" sizes=\"auto, (max-width: 150px) 100vw, 150px\" \/><strong><em>Novela \u201cMalha\u00e7\u00e3o\u201d resumo 02\/01<\/em><\/strong>: Joana conhece bem Toninho e sabe que s\u00f3 ele teria coragem de colocar uma foto de\u00a0Gabriel em suas coisas para atrapalhar seu romance com Giovane. Joana o procura e questiona se a ideia foi de\u00a0B\u00e1rbara e o malandro nega. Toninho diz que foi ele quem colocou, s\u00f3 para intriga-los. Joana fica curiosa para saber o que ele ganha ao infernizar sua vida e Toninho diz que faz tudo por dinheiro. Ele conta que foi B\u00e1rbara quem o trouxe para o Rio, para dar um jeito de faz\u00ea-la voltar para o Cear\u00e1. Joana fica confusa com a sinceridade do mau-car\u00e1ter e Toninho\u00a0assume que rompeu o pacto que tinha feito com B\u00e1rbara. Mas, Joana n\u00e3o confia no rapaz. Mais tarde, ela confessa para Sula que tem medo do que Toninho pode fazer. Joana tem raz\u00e3o, pois Toninho usa o segredo da irm\u00e3 para fazer uma proposta para B\u00e1rbara.<\/p>\n<p>No cap\u00edtulo 096 (*), novela \u201cMalha\u00e7\u00e3o\u201d, segunda-feira, 02 de janeiro \u2013 Toninho decide revelar a Joana o que B\u00e1rbara quer que ele fa\u00e7a contra ela. Arthur e Dod\u00f4 reclamam de Alisson. B\u00e1rbara pede para Irene n\u00e3o contar a Gabriel que mentiu para lhe proteger.<\/p>\n<p>Toninho chantageia Joana. Arthur afirma a Dod\u00f4 que Alisson quer ficar com Belinha. Caio aceita que B\u00e1rbara volte a trabalhar com eles no lugar de Joana. Alisson exige que Arthur e Dod\u00f4 sigam o cronograma de treinamento. J\u00e9ssica teme que a m\u00e3e descubra sobre a poss\u00edvel gravidez.<\/p>\n<p>Giovane exige que Irene diga a verdade para Gabriel. Joana confessa para Sula que tem medo do que Toninho pode fazer. Toninho usa o segredo de Joana para fazer uma proposta para B\u00e1rbara.<\/p>\n<p>(*) edi\u00e7\u00e3o da Rede Globo, Novela \u201cMalha\u00e7\u00e3o\u201d, sujeito a altera\u00e7\u00e3o de data e conte\u00fado.<\/p>\n","protected":false},"excerpt":{"rendered":"<p>Novela \u201cMalha\u00e7\u00e3o\u201d resumo 02\/01: Joana conhece bem Toninho e sabe que s\u00f3 ele teria coragem de colocar uma foto de\u00a0Gabriel em suas coisas para atrapalhar seu romance com Giovane. Joana o procura e questiona se a ideia foi de\u00a0B\u00e1rbara e o malandro nega. Toninho diz que foi ele quem colocou, s\u00f3 para intriga-los. Joana fica [&hellip;]<\/p>\n","protected":false},"author":4,"featured_media":91715,"comment_status":"open","ping_status":"closed","sticky":false,"template":"","format":"standard","meta":{"tdm_status":"","tdm_grid_status":"","footnotes":""},"categories":[447,379,375,343],"tags":[441],"class_list":{"0":"post-103321","1":"post","2":"type-post","3":"status-publish","4":"format-standard","5":"has-post-thumbnail","7":"category-malhacao","8":"category-novelas","9":"category-rede-globo","10":"category-televisao","11":"tag-resumo-do-dia"},"_links":{"self":[{"href":"https:\/\/migracao.redenoticia.com.br\/noticia\/wp-json\/wp\/v2\/posts\/103321","targetHints":{"allow":["GET"]}}],"collection":[{"href":"https:\/\/migracao.redenoticia.com.br\/noticia\/wp-json\/wp\/v2\/posts"}],"about":[{"href":"https:\/\/migracao.redenoticia.com.br\/noticia\/wp-json\/wp\/v2\/types\/post"}],"author":[{"embeddable":true,"href":"https:\/\/migracao.redenoticia.com.br\/noticia\/wp-json\/wp\/v2\/users\/4"}],"replies":[{"embeddable":true,"href":"https:\/\/migracao.redenoticia.com.br\/noticia\/wp-json\/wp\/v2\/comments?post=103321"}],"version-history":[{"count":0,"href":"https:\/\/migracao.redenoticia.com.br\/noticia\/wp-json\/wp\/v2\/posts\/103321\/revisions"}],"wp:featuredmedia":[{"embeddable":true,"href":"https:\/\/migracao.redenoticia.com.br\/noticia\/wp-json\/wp\/v2\/media\/91715"}],"wp:attachment":[{"href":"https:\/\/migracao.redenoticia.com.br\/noticia\/wp-json\/wp\/v2\/media?parent=103321"}],"wp:term":[{"taxonomy":"category","embeddable":true,"href":"https:\/\/migracao.redenoticia.com.br\/noticia\/wp-json\/wp\/v2\/categories?post=103321"},{"taxonomy":"post_tag","embeddable":true,"href":"https:\/\/migracao.redenoticia.com.br\/noticia\/wp-json\/wp\/v2\/tags?post=103321"}],"curies":[{"name":"wp","href":"https:\/\/api.w.org\/{rel}","templated":true}]}}