{"id":103323,"date":"2016-12-30T17:25:54","date_gmt":"2016-12-30T19:25:54","guid":{"rendered":"http:\/\/www.redenoticia.com.br\/noticia\/?p=103323"},"modified":"2016-12-30T18:27:31","modified_gmt":"2016-12-30T20:27:31","slug":"novela-cheias-de-charme-resumo-0201-eloy-desmente-fabian","status":"publish","type":"post","link":"https:\/\/migracao.redenoticia.com.br\/noticia\/2016\/novela-cheias-de-charme-resumo-0201-eloy-desmente-fabian\/103323","title":{"rendered":"Novela \u201cCheias de Charme\u201d resumo 02\/01: Eloy desmente Fabian"},"content":{"rendered":"<p><img loading=\"lazy\" decoding=\"async\" class=\"alignleft size-thumbnail wp-image-95548\" src=\"https:\/\/migracao.redenoticia.com.br\/noticia\/imagens\/cheias-de-charme-novela-globo-internacional-resumo-proximo-capitulo-150x112.jpg\" alt=\"cheias-de-charme-novela-globo-internacional-resumo-proximo-capitulo\" width=\"150\" height=\"112\" \/><strong><em>Novela \u201cCheias de Charme\u201d resumo 02\/01<\/em><\/strong>:\u00a0Chayene inventa que est\u00e1 gr\u00e1vida de Fabian e a not\u00edcia repercute na imprensa. Para ajudar Chayene, Naldo vai para o Piau\u00ed buscar dona Epif\u00e2nia. Quando chega \u00e0 casa da cantora, Dona Epif\u00e2nia exige que ela coma pouco, por causa da gravidez. Enquanto isso, Fabian garante a Eloy que n\u00e3o se relaciona com Chayene h\u00e1 muito tempo. Mas, Eloy desmente o cantor e publica suas fotos no quarto da cantora. <\/p>\n<p>No cap\u00edtulo 076(*), novela \u201cCheias de Charme\u201d, segunda-feira, 02 de janeiro \u2013 Ros\u00e1rio tenta se aproximar de In\u00e1cio, mas ele resiste. Sarmento confessa a S\u00f4nia que vendeu as joias da fam\u00edlia. Cida conta para Valda que comprou o apartamento para elas morarem. Penha amea\u00e7a colocar Sandro na justi\u00e7a.<\/p>\n<p>Dinha tenta consolar In\u00e1cio. Ros\u00e1rio desconfia da desculpa que Socorro inventou para n\u00e3o ter ajudado com a mudan\u00e7a. Naldo vai para o Piau\u00ed buscar dona Epif\u00e2nia. Cida se anima ao saber que Elano est\u00e1 voltando de viagem. S\u00f4nia autoriza Hel\u00f4 a anunciar uma liquida\u00e7\u00e3o na Galerie.<\/p>\n<p>Penha ouve a entrevista com Patrick na r\u00e1dio e n\u00e3o gosta. Dona Epif\u00e2nia exige que Chayene coma pouco, por causa da gravidez. Fabian garante a Eloy que n\u00e3o se relaciona com Chayene h\u00e1 muito tempo. Brunessa conta para Rodinei sobre a entrevista dos Sarmento. Eloy desmente Fabian e publica suas fotos no quarto de Chayene.<\/p>\n<p>(*) edi\u00e7\u00e3o da Rede Globo, Novela \u201cCheias de Charme\u201d, sujeito a altera\u00e7\u00e3o de data e conte\u00fado.<\/p>\n","protected":false},"excerpt":{"rendered":"<p>Novela \u201cCheias de Charme\u201d resumo 02\/01:\u00a0Chayene inventa que est\u00e1 gr\u00e1vida de Fabian e a not\u00edcia repercute na imprensa. Para ajudar Chayene, Naldo vai para o Piau\u00ed buscar dona Epif\u00e2nia. Quando chega \u00e0 casa da cantora, Dona Epif\u00e2nia exige que ela coma pouco, por causa da gravidez. Enquanto isso, Fabian garante a Eloy que n\u00e3o se [&hellip;]<\/p>\n","protected":false},"author":4,"featured_media":95548,"comment_status":"open","ping_status":"closed","sticky":false,"template":"","format":"standard","meta":{"tdm_status":"","tdm_grid_status":"","footnotes":""},"categories":[379,375,343],"tags":[441],"class_list":{"0":"post-103323","1":"post","2":"type-post","3":"status-publish","4":"format-standard","5":"has-post-thumbnail","7":"category-novelas","8":"category-rede-globo","9":"category-televisao","10":"tag-resumo-do-dia"},"_links":{"self":[{"href":"https:\/\/migracao.redenoticia.com.br\/noticia\/wp-json\/wp\/v2\/posts\/103323","targetHints":{"allow":["GET"]}}],"collection":[{"href":"https:\/\/migracao.redenoticia.com.br\/noticia\/wp-json\/wp\/v2\/posts"}],"about":[{"href":"https:\/\/migracao.redenoticia.com.br\/noticia\/wp-json\/wp\/v2\/types\/post"}],"author":[{"embeddable":true,"href":"https:\/\/migracao.redenoticia.com.br\/noticia\/wp-json\/wp\/v2\/users\/4"}],"replies":[{"embeddable":true,"href":"https:\/\/migracao.redenoticia.com.br\/noticia\/wp-json\/wp\/v2\/comments?post=103323"}],"version-history":[{"count":0,"href":"https:\/\/migracao.redenoticia.com.br\/noticia\/wp-json\/wp\/v2\/posts\/103323\/revisions"}],"wp:featuredmedia":[{"embeddable":true,"href":"https:\/\/migracao.redenoticia.com.br\/noticia\/wp-json\/wp\/v2\/media\/95548"}],"wp:attachment":[{"href":"https:\/\/migracao.redenoticia.com.br\/noticia\/wp-json\/wp\/v2\/media?parent=103323"}],"wp:term":[{"taxonomy":"category","embeddable":true,"href":"https:\/\/migracao.redenoticia.com.br\/noticia\/wp-json\/wp\/v2\/categories?post=103323"},{"taxonomy":"post_tag","embeddable":true,"href":"https:\/\/migracao.redenoticia.com.br\/noticia\/wp-json\/wp\/v2\/tags?post=103323"}],"curies":[{"name":"wp","href":"https:\/\/api.w.org\/{rel}","templated":true}]}}