{"id":103325,"date":"2016-12-30T20:55:09","date_gmt":"2016-12-30T22:55:09","guid":{"rendered":"http:\/\/www.redenoticia.com.br\/noticia\/?p=103325"},"modified":"2016-12-30T18:39:00","modified_gmt":"2016-12-30T20:39:00","slug":"novela-chiquititas-resumo-0201-tati-piora-e-as-criancas-resolvem-procurar-carol","status":"publish","type":"post","link":"https:\/\/migracao.redenoticia.com.br\/noticia\/2016\/novela-chiquititas-resumo-0201-tati-piora-e-as-criancas-resolvem-procurar-carol\/103325","title":{"rendered":"Novela \u201cChiquititas\u201d resumo 02\/01: as crian\u00e7as resolvem voltar para o orfanato"},"content":{"rendered":"<p><img loading=\"lazy\" decoding=\"async\" class=\"alignleft size-thumbnail wp-image-49690\" src=\"https:\/\/migracao.redenoticia.com.br\/noticia\/imagens\/chiquititas1-150x112.jpg\" alt=\"chiquititas\" width=\"150\" height=\"112\" \/><strong><em>Novela \u201cChiquititas\u201d resumo 02\/01<\/em><\/strong>: na rua, Tati piora cada vez mais de uma tosse constante. Vivi percebe que a irm\u00e3 est\u00e1 com febre alta e todos se preocupam. Rafa tem ideia de levar Tati at\u00e9 a casa de Carol e as crian\u00e7as concordam. Na casa de Carol, Let\u00edcia cuida para que Tati descanse e melhore. Let\u00edcia diz que \u00e9 apenas uma gripe, mas que precisa de cuidados. Carol chama as demais crian\u00e7as e diz que n\u00e3o est\u00e1 certo o que elas fizeram. A estudante de psicologia diz que eles precisam encarar os desafios e n\u00e3o fugir deles. As crian\u00e7as aceitam voltar para o orfanato. <\/p>\n<p>No cap\u00edtulo 080(*), novela \u201cChiquititas\u201d, segunda-feira, 02 de janeiro \u2013 Junior fala que antes de transferir qualquer um \u00e9 preciso entender o que acontece no orfanato, pois se as crian\u00e7as querem fugir significa que n\u00e3o est\u00e1 f\u00e1cil viver l\u00e1. Jos\u00e9 Ricardo diz que Mili errou, mas n\u00e3o \u00e9 cab\u00edvel transfer\u00ed-la. Na diretoria, Jos\u00e9 Ricardo \u00e9 enf\u00e1tico ao dizer para Carmen que Mili n\u00e3o ser\u00e1 transferida. Os dois voltam para a sala.<\/p>\n<p>Carmen diz que vai pensar melhor sobre o assunto e Jos\u00e9 Ricardo fala que precisa come\u00e7ar as buscas paralelas \u00e0s buscas da pol\u00edcia. Na rua, Rafa tem ideia de levar Tati at\u00e9 a casa de Carol. As crian\u00e7as concordam. Ao anoitecer, no orfanato, as meninas contam pra Chico que elas decidiram fugir para protestar contra Carmen. Ernestina fica aliviada ao conseguir entender que esse era o motivo das pequeninas estarem de segredo pelo orfanato. Na casa de Carol, Let\u00edcia cuida para que Tati descanse e melhore.<\/p>\n<p>Carol leva um ch\u00e1 para Tati. Let\u00edcia diz que \u00e9 apenas uma gripe, mas que precisa de cuidados. Carol chama as demais crian\u00e7as e diz que n\u00e3o est\u00e1 certo o que elas fizeram. A estudante de psicologia diz que eles precisam encarar os desafios e n\u00e3o fugir deles. Carol fala que eles precisam pensar antes de tomar atitudes que podem ser perigosas e que se preocupa com o bem estar de todos. As crian\u00e7as aceitam voltar para o orfanato. Na mans\u00e3o dos Almeida Campos, Junior avisa Jos\u00e9 Ricardo e Carmen que Carol ligou e disse que as chiquititas est\u00e3o em sua casa. Carmen insinua que tudo n\u00e3o passou de uma arma\u00e7\u00e3o de Carol. No quarto das meninas, Ernestina avisa que as chiquititas est\u00e3o na casa de Carol e que estar\u00e3o de volta no dia seguinte.<\/p>\n<p>(*) edi\u00e7\u00e3o do SBT, Novela \u201cChiquititas\u201d, sujeito a altera\u00e7\u00e3o de data e conte\u00fado.<\/p>\n","protected":false},"excerpt":{"rendered":"<p>Novela \u201cChiquititas\u201d resumo 02\/01: na rua, Tati piora cada vez mais de uma tosse constante. Vivi percebe que a irm\u00e3 est\u00e1 com febre alta e todos se preocupam. Rafa tem ideia de levar Tati at\u00e9 a casa de Carol e as crian\u00e7as concordam. Na casa de Carol, Let\u00edcia cuida para que Tati descanse e melhore. [&hellip;]<\/p>\n","protected":false},"author":4,"featured_media":49690,"comment_status":"open","ping_status":"closed","sticky":false,"template":"","format":"standard","meta":{"tdm_status":"","tdm_grid_status":"","footnotes":""},"categories":[409,379,372,343],"tags":[441],"class_list":{"0":"post-103325","1":"post","2":"type-post","3":"status-publish","4":"format-standard","5":"has-post-thumbnail","7":"category-chiquititas","8":"category-novelas","9":"category-sbt","10":"category-televisao","11":"tag-resumo-do-dia"},"_links":{"self":[{"href":"https:\/\/migracao.redenoticia.com.br\/noticia\/wp-json\/wp\/v2\/posts\/103325","targetHints":{"allow":["GET"]}}],"collection":[{"href":"https:\/\/migracao.redenoticia.com.br\/noticia\/wp-json\/wp\/v2\/posts"}],"about":[{"href":"https:\/\/migracao.redenoticia.com.br\/noticia\/wp-json\/wp\/v2\/types\/post"}],"author":[{"embeddable":true,"href":"https:\/\/migracao.redenoticia.com.br\/noticia\/wp-json\/wp\/v2\/users\/4"}],"replies":[{"embeddable":true,"href":"https:\/\/migracao.redenoticia.com.br\/noticia\/wp-json\/wp\/v2\/comments?post=103325"}],"version-history":[{"count":0,"href":"https:\/\/migracao.redenoticia.com.br\/noticia\/wp-json\/wp\/v2\/posts\/103325\/revisions"}],"wp:featuredmedia":[{"embeddable":true,"href":"https:\/\/migracao.redenoticia.com.br\/noticia\/wp-json\/wp\/v2\/media\/49690"}],"wp:attachment":[{"href":"https:\/\/migracao.redenoticia.com.br\/noticia\/wp-json\/wp\/v2\/media?parent=103325"}],"wp:term":[{"taxonomy":"category","embeddable":true,"href":"https:\/\/migracao.redenoticia.com.br\/noticia\/wp-json\/wp\/v2\/categories?post=103325"},{"taxonomy":"post_tag","embeddable":true,"href":"https:\/\/migracao.redenoticia.com.br\/noticia\/wp-json\/wp\/v2\/tags?post=103325"}],"curies":[{"name":"wp","href":"https:\/\/api.w.org\/{rel}","templated":true}]}}