{"id":103385,"date":"2016-12-31T19:50:05","date_gmt":"2016-12-31T21:50:05","guid":{"rendered":"http:\/\/www.redenoticia.com.br\/noticia\/?p=103385"},"modified":"2016-12-31T16:15:31","modified_gmt":"2016-12-31T18:15:31","slug":"novela-rock-story-resumo-0201-chiara-foge-de-casa","status":"publish","type":"post","link":"https:\/\/migracao.redenoticia.com.br\/noticia\/2016\/novela-rock-story-resumo-0201-chiara-foge-de-casa\/103385","title":{"rendered":"Novela \u201cRock Story\u201d resumo 02\/01: Chiara foge de casa"},"content":{"rendered":"<p><img loading=\"lazy\" decoding=\"async\" class=\"alignleft size-thumbnail wp-image-97429\" src=\"https:\/\/migracao.redenoticia.com.br\/noticia\/imagens\/logo_rock_story-150x112.jpg\" alt=\"logo_rock_story\" width=\"150\" height=\"112\" srcset=\"https:\/\/migracao.redenoticia.com.br\/noticia\/imagens\/logo_rock_story-150x112.jpg 150w, https:\/\/migracao.redenoticia.com.br\/noticia\/imagens\/logo_rock_story-265x198.jpg 265w\" sizes=\"auto, (max-width: 150px) 100vw, 150px\" \/><strong><em>Novela \u201cRock Story\u201d resumo 02\/01<\/em><\/strong>:\u00a0Diana n\u00e3o gosta de saber que Chiara foi \u00e0 casa de Gui. L\u00e1, Chiara e J\u00falia fazem as pazes. Mais tarde, irritada com o namoro de J\u00falia com seu ex-marido e com a influ\u00eancia dela sobre sua filha, Diana tem uma discuss\u00e3o s\u00e9ria com Chiara. Depois, Diana se arrepende e tenta se desculpar com a filha, mas \u00e9 tarde: ela descobre que a menina fugiu de casa. Diana fica atordoada, preocupada e sem saber o que fazer. Seu primeiro \u00edmpeto \u00e9 recorrer a Gui. Ela vai at\u00e9 a casa dele para saber se a filha correu para l\u00e1. <\/p>\n<p>No cap\u00edtulo 047(*), novela \u201cRock Story\u201d, segunda-feira, 02 de janeiro \u2013 Zac consegue se desvencilhar de Ja\u00edlson e chega a tempo para a apresenta\u00e7\u00e3o da banda. Lorena se preocupa quando Alex avisa que William levar\u00e1 a mercadoria para os Estados Unidos.<\/p>\n<p>A banda 4.4 ganha o segundo lugar no festival, e Gui e J\u00falia comemoram com os integrantes. N\u00e9ia elogia Stefany e Yasmin fica intrigada. Diana n\u00e3o gosta de saber que Chiara foi \u00e0 casa de Gui. Gordo afirma a Laila que Gui \u00e9 o homem certo para Diana. Chiara e J\u00falia fazem as pazes.<\/p>\n<p>Marisa n\u00e3o consegue ficar com Nicolau. Haroldo diz a Nicolau que est\u00e1 muito orgulhoso do filho. N\u00e9ia aprova a aproxima\u00e7\u00e3o de Stefany e L\u00e9o. Nicolau, JF e Tom impedem que Ja\u00edlson agrida Zac. Gui e Gordo ficam inconformados ao saber que o caso do roubo ser\u00e1 encerrado por falta de provas. N\u00e9ia lembra a L\u00e9o que mentiu para a pol\u00edcia para sustentar seu \u00e1libi. Diana n\u00e3o permite que Chiara volte a ter aulas com J\u00falia. Chiara foge de casa e Diana se desespera.<\/p>\n<p>(*) edi\u00e7\u00e3o da Rede Globo, Novela \u201cRock Story\u201d, sujeito a altera\u00e7\u00e3o de data e conte\u00fado.<\/p>\n","protected":false},"excerpt":{"rendered":"<p>Novela \u201cRock Story\u201d resumo 02\/01:\u00a0Diana n\u00e3o gosta de saber que Chiara foi \u00e0 casa de Gui. L\u00e1, Chiara e J\u00falia fazem as pazes. Mais tarde, irritada com o namoro de J\u00falia com seu ex-marido e com a influ\u00eancia dela sobre sua filha, Diana tem uma discuss\u00e3o s\u00e9ria com Chiara. Depois, Diana se arrepende e tenta [&hellip;]<\/p>\n","protected":false},"author":4,"featured_media":97429,"comment_status":"open","ping_status":"closed","sticky":false,"template":"","format":"standard","meta":{"tdm_status":"","tdm_grid_status":"","footnotes":""},"categories":[379,375,343],"tags":[441],"class_list":{"0":"post-103385","1":"post","2":"type-post","3":"status-publish","4":"format-standard","5":"has-post-thumbnail","7":"category-novelas","8":"category-rede-globo","9":"category-televisao","10":"tag-resumo-do-dia"},"_links":{"self":[{"href":"https:\/\/migracao.redenoticia.com.br\/noticia\/wp-json\/wp\/v2\/posts\/103385","targetHints":{"allow":["GET"]}}],"collection":[{"href":"https:\/\/migracao.redenoticia.com.br\/noticia\/wp-json\/wp\/v2\/posts"}],"about":[{"href":"https:\/\/migracao.redenoticia.com.br\/noticia\/wp-json\/wp\/v2\/types\/post"}],"author":[{"embeddable":true,"href":"https:\/\/migracao.redenoticia.com.br\/noticia\/wp-json\/wp\/v2\/users\/4"}],"replies":[{"embeddable":true,"href":"https:\/\/migracao.redenoticia.com.br\/noticia\/wp-json\/wp\/v2\/comments?post=103385"}],"version-history":[{"count":0,"href":"https:\/\/migracao.redenoticia.com.br\/noticia\/wp-json\/wp\/v2\/posts\/103385\/revisions"}],"wp:featuredmedia":[{"embeddable":true,"href":"https:\/\/migracao.redenoticia.com.br\/noticia\/wp-json\/wp\/v2\/media\/97429"}],"wp:attachment":[{"href":"https:\/\/migracao.redenoticia.com.br\/noticia\/wp-json\/wp\/v2\/media?parent=103385"}],"wp:term":[{"taxonomy":"category","embeddable":true,"href":"https:\/\/migracao.redenoticia.com.br\/noticia\/wp-json\/wp\/v2\/categories?post=103385"},{"taxonomy":"post_tag","embeddable":true,"href":"https:\/\/migracao.redenoticia.com.br\/noticia\/wp-json\/wp\/v2\/tags?post=103385"}],"curies":[{"name":"wp","href":"https:\/\/api.w.org\/{rel}","templated":true}]}}