{"id":103387,"date":"2016-12-31T18:25:20","date_gmt":"2016-12-31T20:25:20","guid":{"rendered":"http:\/\/www.redenoticia.com.br\/noticia\/?p=103387"},"modified":"2016-12-31T16:14:28","modified_gmt":"2016-12-31T18:14:28","slug":"novela-sol-nascente-resumo-0201-damasceno-investiga-massao","status":"publish","type":"post","link":"https:\/\/migracao.redenoticia.com.br\/noticia\/2016\/novela-sol-nascente-resumo-0201-damasceno-investiga-massao\/103387","title":{"rendered":"Novela \u201cSol Nascente\u201d resumo  02\/01: Damasceno investiga Massao"},"content":{"rendered":"<p><img loading=\"lazy\" decoding=\"async\" class=\"alignleft size-thumbnail wp-image-91714\" src=\"https:\/\/migracao.redenoticia.com.br\/noticia\/imagens\/sol_nascente_resumo_novela_globo-150x112.jpg\" alt=\"sol_nascente_resumo_novela_globo\" width=\"150\" height=\"112\" srcset=\"https:\/\/migracao.redenoticia.com.br\/noticia\/imagens\/sol_nascente_resumo_novela_globo-150x112.jpg 150w, https:\/\/migracao.redenoticia.com.br\/noticia\/imagens\/sol_nascente_resumo_novela_globo-265x198.jpg 265w\" sizes=\"auto, (max-width: 150px) 100vw, 150px\" \/><strong><em>Novela \u201cSol Nascente\u201d resumo 02\/01<\/em><\/strong>: incentivado por Cesar, Tanaka, Alice e Mieko, Damasceno promete concentrar suas investiga\u00e7\u00f5es em Massao. Mario se revolta quando Damasceno fala sobre a mudan\u00e7a de seu foco de investiga\u00e7\u00e3o. Depois, Mario explica para Geppina e Gaetano o motivo de sua briga com Damasceno. Enquanto isso, Jo\u00e3o Amaro planta falsas provas da explos\u00e3o no galp\u00e3o de Massao.<\/p>\n<p>No cap\u00edtulo 108(*), novela \u201cSol Nascente\u201d, segunda-feira, 02 de janeiro \u2013 Carolina garante a Mario que beijou Cesar porque se sente carente. Cesar afirma a Paula que Carolina o agarrou. Mario explica para Geppina e Gaetano o motivo de sua briga com Damasceno.<\/p>\n<p>Vittorio se declara para Lenita. Damasceno investiga Massao. Alice lamenta com Tanaka seus desentendimentos com Mario. Mario combina com Tato sua ida \u00e0 Bahia para falar com Wagner.<\/p>\n<p>Jo\u00e3o Amaro planta falsas provas da explos\u00e3o no galp\u00e3o de Massao. Alice desabafa com Lenita. Todos chegam para a festa de Ano Novo na casa de Tanaka.<\/p>\n<p>(*) edi\u00e7\u00e3o da Rede Globo, Novela \u201cSol Nascente\u201d, sujeito a altera\u00e7\u00e3o de data e conte\u00fado.<\/p>\n","protected":false},"excerpt":{"rendered":"<p>Novela \u201cSol Nascente\u201d resumo 02\/01: incentivado por Cesar, Tanaka, Alice e Mieko, Damasceno promete concentrar suas investiga\u00e7\u00f5es em Massao. Mario se revolta quando Damasceno fala sobre a mudan\u00e7a de seu foco de investiga\u00e7\u00e3o. Depois, Mario explica para Geppina e Gaetano o motivo de sua briga com Damasceno. Enquanto isso, Jo\u00e3o Amaro planta falsas provas da [&hellip;]<\/p>\n","protected":false},"author":4,"featured_media":91714,"comment_status":"open","ping_status":"closed","sticky":false,"template":"","format":"standard","meta":{"tdm_status":"","tdm_grid_status":"","footnotes":""},"categories":[379,375,343],"tags":[441],"class_list":{"0":"post-103387","1":"post","2":"type-post","3":"status-publish","4":"format-standard","5":"has-post-thumbnail","7":"category-novelas","8":"category-rede-globo","9":"category-televisao","10":"tag-resumo-do-dia"},"_links":{"self":[{"href":"https:\/\/migracao.redenoticia.com.br\/noticia\/wp-json\/wp\/v2\/posts\/103387","targetHints":{"allow":["GET"]}}],"collection":[{"href":"https:\/\/migracao.redenoticia.com.br\/noticia\/wp-json\/wp\/v2\/posts"}],"about":[{"href":"https:\/\/migracao.redenoticia.com.br\/noticia\/wp-json\/wp\/v2\/types\/post"}],"author":[{"embeddable":true,"href":"https:\/\/migracao.redenoticia.com.br\/noticia\/wp-json\/wp\/v2\/users\/4"}],"replies":[{"embeddable":true,"href":"https:\/\/migracao.redenoticia.com.br\/noticia\/wp-json\/wp\/v2\/comments?post=103387"}],"version-history":[{"count":0,"href":"https:\/\/migracao.redenoticia.com.br\/noticia\/wp-json\/wp\/v2\/posts\/103387\/revisions"}],"wp:featuredmedia":[{"embeddable":true,"href":"https:\/\/migracao.redenoticia.com.br\/noticia\/wp-json\/wp\/v2\/media\/91714"}],"wp:attachment":[{"href":"https:\/\/migracao.redenoticia.com.br\/noticia\/wp-json\/wp\/v2\/media?parent=103387"}],"wp:term":[{"taxonomy":"category","embeddable":true,"href":"https:\/\/migracao.redenoticia.com.br\/noticia\/wp-json\/wp\/v2\/categories?post=103387"},{"taxonomy":"post_tag","embeddable":true,"href":"https:\/\/migracao.redenoticia.com.br\/noticia\/wp-json\/wp\/v2\/tags?post=103387"}],"curies":[{"name":"wp","href":"https:\/\/api.w.org\/{rel}","templated":true}]}}