{"id":1034,"date":"2009-04-30T13:55:44","date_gmt":"2009-04-30T17:55:44","guid":{"rendered":"http:\/\/www.redenoticia.com.br\/noticia\/?p=1034"},"modified":"2009-04-30T13:55:45","modified_gmt":"2009-04-30T17:55:45","slug":"blog-transparencia-ulbra","status":"publish","type":"post","link":"https:\/\/migracao.redenoticia.com.br\/noticia\/2009\/blog-transparencia-ulbra\/1034","title":{"rendered":"Blog Transpar\u00eancia Ulbra"},"content":{"rendered":"<p>Desde segunda-feira est\u00e1 no ar um blog \u201canticrise\u201d da Ulbra, onde a  comunidade, os funcion\u00e1rios e os alunos podem acompanhar cada decis\u00e3o da nova  diretoria.<\/p>\n<p>O resumo das reuni\u00f5es externas e internas e consequente resultado tamb\u00e9m est\u00e3o reportados no site.<\/p>\n<p class=\"MsoNormal\"><span style=\"font-family: Arial;\">O endere\u00e7o \u00e9 https:\/\/memphis.ulbranet.com.br\/ulbraagora.<\/span><\/p>\n<p class=\"MsoNormal\"><span style=\"font-family: Arial;\"><\/span><\/p>\n","protected":false},"excerpt":{"rendered":"<p>Desde segunda-feira est\u00e1 no ar um blog \u201canticrise\u201d da Ulbra, onde a comunidade, os funcion\u00e1rios e os alunos podem acompanhar cada decis\u00e3o da nova diretoria. O resumo das reuni\u00f5es externas e internas e consequente resultado tamb\u00e9m est\u00e3o reportados no site. O endere\u00e7o \u00e9 https:\/\/memphis.ulbranet.com.br\/ulbraagora.<\/p>\n","protected":false},"author":3,"featured_media":0,"comment_status":"open","ping_status":"open","sticky":false,"template":"","format":"standard","meta":{"tdm_status":"","tdm_grid_status":"","footnotes":""},"categories":[22],"tags":[],"class_list":{"0":"post-1034","1":"post","2":"type-post","3":"status-publish","4":"format-standard","6":"category-brasil"},"_links":{"self":[{"href":"https:\/\/migracao.redenoticia.com.br\/noticia\/wp-json\/wp\/v2\/posts\/1034","targetHints":{"allow":["GET"]}}],"collection":[{"href":"https:\/\/migracao.redenoticia.com.br\/noticia\/wp-json\/wp\/v2\/posts"}],"about":[{"href":"https:\/\/migracao.redenoticia.com.br\/noticia\/wp-json\/wp\/v2\/types\/post"}],"author":[{"embeddable":true,"href":"https:\/\/migracao.redenoticia.com.br\/noticia\/wp-json\/wp\/v2\/users\/3"}],"replies":[{"embeddable":true,"href":"https:\/\/migracao.redenoticia.com.br\/noticia\/wp-json\/wp\/v2\/comments?post=1034"}],"version-history":[{"count":0,"href":"https:\/\/migracao.redenoticia.com.br\/noticia\/wp-json\/wp\/v2\/posts\/1034\/revisions"}],"wp:attachment":[{"href":"https:\/\/migracao.redenoticia.com.br\/noticia\/wp-json\/wp\/v2\/media?parent=1034"}],"wp:term":[{"taxonomy":"category","embeddable":true,"href":"https:\/\/migracao.redenoticia.com.br\/noticia\/wp-json\/wp\/v2\/categories?post=1034"},{"taxonomy":"post_tag","embeddable":true,"href":"https:\/\/migracao.redenoticia.com.br\/noticia\/wp-json\/wp\/v2\/tags?post=1034"}],"curies":[{"name":"wp","href":"https:\/\/api.w.org\/{rel}","templated":true}]}}