{"id":103428,"date":"2017-01-02T06:31:19","date_gmt":"2017-01-02T08:31:19","guid":{"rendered":"http:\/\/www.redenoticia.com.br\/noticia\/?p=103428"},"modified":"2017-01-01T17:32:25","modified_gmt":"2017-01-01T19:32:25","slug":"desemprego-atinge-12-milhoes-de-pessoas","status":"publish","type":"post","link":"https:\/\/migracao.redenoticia.com.br\/noticia\/2017\/desemprego-atinge-12-milhoes-de-pessoas\/103428","title":{"rendered":"Desemprego atinge 12 milh\u00f5es de pessoas"},"content":{"rendered":"<p> O <strong><em>desemprego<\/em><\/strong> atinge 12,1 milh\u00f5es de pessoas, o que equivale a 11,9% de pessoas desocupadas no trimestre m\u00f3vel encerrado em novembro. A taxa de desocupa\u00e7\u00e3o e o contingente de pessoas s\u00e3o os mais altos da s\u00e9rie hist\u00f3rica da Pesquisa Nacional por Amostra de Domic\u00edlio Cont\u00ednua (Pnad Cont\u00ednua), iniciada em 2012.<\/p>\n<p>Os dados foram divulgados pelo Instituto Brasileiro de Geografia e Estat\u00edstica (IBGE) e s\u00e3o semelhantes aos do trimestre m\u00f3vel imediatamente anterior (junho a agosto), quando a taxa de desocupa\u00e7\u00e3o fechou em 11,8%. Em rela\u00e7\u00e3o ao mesmo trimestre do ano anterior, foi registrada uma alta de 2,9 pontos percentuais.<\/p>\n<p>Os n\u00famero de desempregados teve um crescimento de 33,1% em rela\u00e7\u00e3o ao mesmo trimestre do ano passado \u2013 o equivalente a 3 milh\u00f5es de pessoas a mais em busca de trabalho. O contingente de pessoas ocupadas hoje \u00e9 de 90,2 milh\u00f5es.<\/p>\n<p>Carteira de trabalho assinada<\/p>\n<p>O n\u00famero de empregados no setor privado com carteira de trabalho assinada ficou est\u00e1vel em rela\u00e7\u00e3o ao trimestre anterior, fechando em 34,1 milh\u00f5es de pessoas. Em rela\u00e7\u00e3o ao mesmo trimestre de 2015, houve queda de 3,7%.<\/p>\n<p>J\u00e1 o n\u00famero de empregados no setor privado sem carteira de trabalho assinada cresceu 2,4%,, e chegou a 10,5 milh\u00f5es de pessoas . Quando comparado ao mesmo trimestre m\u00f3vel do ano passado, houve um aumento de 3,5%. <\/p>\n<p> A Pnad Cont\u00ednua no trimestre m\u00f3vel encerrado em novembro indica ainda que os trabalhadores por conta pr\u00f3pria s\u00e3o 21,9 milh\u00f5es, uma queda de 1,3% frente ao trimestre anterior. Em rela\u00e7\u00e3o ao mesmo per\u00edodo de 2015, a queda foi de 3%.<\/p>\n<p>Por outro lado, o contingente de empregadores, estimado em 4,2 milh\u00f5es de pessoas, teve crescimento de 5,5% no trimestre. Em rela\u00e7\u00e3o ao mesmo per\u00edodo do ano anterior, esse contingente manteve-se est\u00e1vel.<\/p>\n<p>Tiveram retra\u00e7\u00e3o no trimestre os setores de agrucultura, pecu\u00e1ria, produ\u00e7\u00e3o florestal, pesca e agricultura (-3,9%) e  de constru\u00e7\u00e3o (-2,2%).<\/p>\n<p>O crescimento aconteceu nos grupamentos de alojamento e alimenta\u00e7\u00e3o (4,6%) e de outros servi\u00e7os (alta de 5,7%) . Segundo o IBGE, os demais grupamentos permaneceram est\u00e1veis.<\/p>\n<p>Rendimento m\u00e9dio<\/p>\n<p>O rendimento m\u00e9dio real habitualmente recebido pelas pessoas ocupadas fechou o trimestre m\u00f3vel encerrado em novembro em R$ 2.032, ficando estatisticamente est\u00e1vel frente ao trimestre de junho a agosto de 2016 (R$ 2.027) e tamb\u00e9m em rela\u00e7\u00e3o ao mesmo trimestre do ano anterior (R$ 2.041).<\/p>\n<p>A \u00fanica ocupa\u00e7\u00e3o que teve queda no rendimento m\u00e9dio real habitual no trimestre de 2016 foi a dos trabalhadores por conta pr\u00f3pria (-2,7%). As demais categorias n\u00e3o variaram. J\u00e1 em rela\u00e7\u00e3o ao mesmo trimestre de 2015, os empregadores tiveram queda no rendimento (-5,9%) e as outras categorias ficaram est\u00e1veis.<\/p>\n<p>J\u00e1 por grupamento de atividade, o \u00fanico que apresentou varia\u00e7\u00e3o no rendimento m\u00e9dio real habitual no trimestre foi o da agricultura, pecu\u00e1ria, produ\u00e7\u00e3o florestal, pesca e agricultura, com alta de 3,5%. A estimativa permaneceu est\u00e1vel em todos os outros grupamentos de atividade. <\/p>\n<p>Nielmar de Oliveira &#8211; Rep\u00f3rter da Ag\u00eancia Brasil<br \/>\nEdi\u00e7\u00e3o: Lidia Neves<br \/>\n02\/01\/2017<\/p>\n","protected":false},"excerpt":{"rendered":"<p>O desemprego atinge 12,1 milh\u00f5es de pessoas, o que equivale a 11,9% de pessoas desocupadas no trimestre m\u00f3vel encerrado em novembro. A taxa de desocupa\u00e7\u00e3o e o contingente de pessoas s\u00e3o os mais altos da s\u00e9rie hist\u00f3rica da Pesquisa Nacional por Amostra de Domic\u00edlio Cont\u00ednua (Pnad Cont\u00ednua), iniciada em 2012. Os dados foram divulgados pelo [&hellip;]<\/p>\n","protected":false},"author":2,"featured_media":57582,"comment_status":"open","ping_status":"closed","sticky":false,"template":"","format":"standard","meta":{"tdm_status":"","tdm_grid_status":"","footnotes":""},"categories":[22,7],"tags":[],"class_list":{"0":"post-103428","1":"post","2":"type-post","3":"status-publish","4":"format-standard","5":"has-post-thumbnail","7":"category-brasil","8":"category-economia"},"_links":{"self":[{"href":"https:\/\/migracao.redenoticia.com.br\/noticia\/wp-json\/wp\/v2\/posts\/103428","targetHints":{"allow":["GET"]}}],"collection":[{"href":"https:\/\/migracao.redenoticia.com.br\/noticia\/wp-json\/wp\/v2\/posts"}],"about":[{"href":"https:\/\/migracao.redenoticia.com.br\/noticia\/wp-json\/wp\/v2\/types\/post"}],"author":[{"embeddable":true,"href":"https:\/\/migracao.redenoticia.com.br\/noticia\/wp-json\/wp\/v2\/users\/2"}],"replies":[{"embeddable":true,"href":"https:\/\/migracao.redenoticia.com.br\/noticia\/wp-json\/wp\/v2\/comments?post=103428"}],"version-history":[{"count":0,"href":"https:\/\/migracao.redenoticia.com.br\/noticia\/wp-json\/wp\/v2\/posts\/103428\/revisions"}],"wp:featuredmedia":[{"embeddable":true,"href":"https:\/\/migracao.redenoticia.com.br\/noticia\/wp-json\/wp\/v2\/media\/57582"}],"wp:attachment":[{"href":"https:\/\/migracao.redenoticia.com.br\/noticia\/wp-json\/wp\/v2\/media?parent=103428"}],"wp:term":[{"taxonomy":"category","embeddable":true,"href":"https:\/\/migracao.redenoticia.com.br\/noticia\/wp-json\/wp\/v2\/categories?post=103428"},{"taxonomy":"post_tag","embeddable":true,"href":"https:\/\/migracao.redenoticia.com.br\/noticia\/wp-json\/wp\/v2\/tags?post=103428"}],"curies":[{"name":"wp","href":"https:\/\/api.w.org\/{rel}","templated":true}]}}