{"id":103432,"date":"2017-01-02T06:33:49","date_gmt":"2017-01-02T08:33:49","guid":{"rendered":"http:\/\/www.redenoticia.com.br\/noticia\/?p=103432"},"modified":"2017-01-01T17:35:20","modified_gmt":"2017-01-01T19:35:20","slug":"saque-em-conta-inativa-do-fgts-tambem-e-permitido-para-quem-aplicou-em-acoes","status":"publish","type":"post","link":"https:\/\/migracao.redenoticia.com.br\/noticia\/2017\/saque-em-conta-inativa-do-fgts-tambem-e-permitido-para-quem-aplicou-em-acoes\/103432","title":{"rendered":"Saque em conta inativa do FGTS tamb\u00e9m \u00e9 permitido para quem aplicou em a\u00e7\u00f5es"},"content":{"rendered":"<p> Os trabalhadores que utilizaram o <strong><em>Fundo de Garantia<\/em><\/strong> do Tempo de Servi\u00e7o (FGTS) para aplicar em a\u00e7\u00f5es da Vale ou da Petrobras, investimento permitido nos anos 2000, tamb\u00e9m poder\u00e3o sacar esse dinheiro agora, caso a conta tenha sido inativada at\u00e9 dezembro de 2015. A conta do FGTS fica inativa com a rescis\u00e3o do contrato de trabalho ligado a ela.<\/p>\n<p>A aplica\u00e7\u00e3o dos recursos do FGTS em a\u00e7\u00f5es dessas empresas, chamada de Fundo M\u00fatuo de Privatiza\u00e7\u00e3o (FMP), n\u00e3o aceita mais novas ades\u00f5es, mas os resgates podem ser feitos. Para sacar o valor espec\u00edfico do investimento, o trabalhador deve procurar o banco escolhido para administrar a aplica\u00e7\u00e3o.<\/p>\n<p> No \u00faltimo dia 22, o governo federal anunciou a possibilidade de saque integral de contas inativas do FGTS. Antes, a regra estabelecia que os trabalhadores com carteira assinada s\u00f3 podiam sacar at\u00e9 R$ 1 mil de contas inativas, e caso estivessem desempregados por, pelo menos, tr\u00eas anos ininterruptos.<\/p>\n<p>A mudan\u00e7a permitir\u00e1 que cerca de 10,2 milh\u00f5es de trabalhadores retirem todo o saldo das contas inativas at\u00e9 31 de dezembro de 2015. A medida foi tomada pelo governo para estimular a economia no pr\u00f3ximo ano.<\/p>\n<p>Em fevereiro, o Minist\u00e9rio do Planejamento anunciar\u00e1 um calend\u00e1rio de saque com base na data de nascimento dos trabalhadores.<\/p>\n<p>Consulta do saldo<\/p>\n<p>O trabalhador pode consultar o saldo do FGTS pelo site da Caixa Econ\u00f4mica, pelo aplicativo FGTS Trabalhador, dispon\u00edvel gratuitamente para smartphones e tablets nos sistemas Android, iOS (da Apple) e Windows Phone. Em ambos \u00e9 necess\u00e1rio digitar o n\u00famero de Identifica\u00e7\u00e3o Social (NIS) e cadastrar uma senha. O saldo tamb\u00e9m pode ser consultado com o cart\u00e3o cidad\u00e3o, em terminais de autoatendimento da Caixa.<\/p>\n<p>Marcelo Brand\u00e3o &#8211; Rep\u00f3rter da Ag\u00eancia Brasil<br \/>\nEdi\u00e7\u00e3o: Luana Louren\u00e7o<br \/>\n02\/01\/2017<\/p>\n","protected":false},"excerpt":{"rendered":"<p>Os trabalhadores que utilizaram o Fundo de Garantia do Tempo de Servi\u00e7o (FGTS) para aplicar em a\u00e7\u00f5es da Vale ou da Petrobras, investimento permitido nos anos 2000, tamb\u00e9m poder\u00e3o sacar esse dinheiro agora, caso a conta tenha sido inativada at\u00e9 dezembro de 2015. A conta do FGTS fica inativa com a rescis\u00e3o do contrato de [&hellip;]<\/p>\n","protected":false},"author":2,"featured_media":40734,"comment_status":"open","ping_status":"closed","sticky":false,"template":"","format":"standard","meta":{"tdm_status":"","tdm_grid_status":"","footnotes":""},"categories":[22,7],"tags":[],"class_list":{"0":"post-103432","1":"post","2":"type-post","3":"status-publish","4":"format-standard","5":"has-post-thumbnail","7":"category-brasil","8":"category-economia"},"_links":{"self":[{"href":"https:\/\/migracao.redenoticia.com.br\/noticia\/wp-json\/wp\/v2\/posts\/103432","targetHints":{"allow":["GET"]}}],"collection":[{"href":"https:\/\/migracao.redenoticia.com.br\/noticia\/wp-json\/wp\/v2\/posts"}],"about":[{"href":"https:\/\/migracao.redenoticia.com.br\/noticia\/wp-json\/wp\/v2\/types\/post"}],"author":[{"embeddable":true,"href":"https:\/\/migracao.redenoticia.com.br\/noticia\/wp-json\/wp\/v2\/users\/2"}],"replies":[{"embeddable":true,"href":"https:\/\/migracao.redenoticia.com.br\/noticia\/wp-json\/wp\/v2\/comments?post=103432"}],"version-history":[{"count":0,"href":"https:\/\/migracao.redenoticia.com.br\/noticia\/wp-json\/wp\/v2\/posts\/103432\/revisions"}],"wp:featuredmedia":[{"embeddable":true,"href":"https:\/\/migracao.redenoticia.com.br\/noticia\/wp-json\/wp\/v2\/media\/40734"}],"wp:attachment":[{"href":"https:\/\/migracao.redenoticia.com.br\/noticia\/wp-json\/wp\/v2\/media?parent=103432"}],"wp:term":[{"taxonomy":"category","embeddable":true,"href":"https:\/\/migracao.redenoticia.com.br\/noticia\/wp-json\/wp\/v2\/categories?post=103432"},{"taxonomy":"post_tag","embeddable":true,"href":"https:\/\/migracao.redenoticia.com.br\/noticia\/wp-json\/wp\/v2\/tags?post=103432"}],"curies":[{"name":"wp","href":"https:\/\/api.w.org\/{rel}","templated":true}]}}