{"id":103434,"date":"2017-01-02T06:35:25","date_gmt":"2017-01-02T08:35:25","guid":{"rendered":"http:\/\/www.redenoticia.com.br\/noticia\/?p=103434"},"modified":"2017-01-01T17:36:30","modified_gmt":"2017-01-01T19:36:30","slug":"lei-que-altera-cobranca-do-iss-e-sancionada-e-entra-em-vigor","status":"publish","type":"post","link":"https:\/\/migracao.redenoticia.com.br\/noticia\/2017\/lei-que-altera-cobranca-do-iss-e-sancionada-e-entra-em-vigor\/103434","title":{"rendered":"Lei que altera cobran\u00e7a do ISS \u00e9 sancionada e entra em vigor"},"content":{"rendered":"<p> A lei que amplia a lista de servi\u00e7os sobre os quais o <strong><em>Imposto Sobre Servi\u00e7os<\/em><\/strong> (ISS) \u00e9 cobrado e que fixa em 2% a al\u00edquota m\u00ednima foi sancionada e publicada no Di\u00e1rio Oficial da Uni\u00e3o pelo presidente Michel Temer, com vetos. Por meio da nova legisla\u00e7\u00e3o, busca-se acabar com a guerra fiscal entre as unidades da Federa\u00e7\u00e3o.<\/p>\n<p>O ISS passa a ser cobrado tamb\u00e9m de servi\u00e7os prestados via internet, caso, por exemplo, de pacotes de assinaturas que disponibilizam acesso a filmes, s\u00e9ries e m\u00fasicas. Livros e notici\u00e1rios ficam livres dessa cobran\u00e7a.<\/p>\n<p>Aprovada pelo Senado no dia 14 de dezembro, a lei estabelece que o ISS sobre as opera\u00e7\u00f5es financeiras, como as de cart\u00e3o de cr\u00e9dito ou d\u00e9bito, de factoring (quando se adquire direitos de cr\u00e9dito) e de leasing dever\u00e1 ser cobrado no local onde forem realizadas. Dessa forma, o imposto era cobrado no estado-domic\u00edlio da administradora da opera\u00e7\u00e3o financeira.<\/p>\n<p>Segundo a nova lei, o ISS n\u00e3o poder\u00e1 ser objeto de concess\u00e3o de isen\u00e7\u00f5es, incentivos ou benef\u00edcios tribut\u00e1rios ou financeiros, inclusive de redu\u00e7\u00e3o de base de c\u00e1lculo ou de cr\u00e9dito, seja ele presumido ou outorgado, nem de qualquer outra forma que resulte, direta ou indiretamente, em \u201ccarga tribut\u00e1ria menor que a decorrente da aplica\u00e7\u00e3o da al\u00edquota m\u00ednima estabelecida\u201d.<\/p>\n<p>Pedro Peduzzi &#8211; Rep\u00f3rter da Ag\u00eancia Brasil<br \/>\nEdi\u00e7\u00e3o: Carolina Pimentel<br \/>\n02\/01\/2017<\/p>\n","protected":false},"excerpt":{"rendered":"<p>A lei que amplia a lista de servi\u00e7os sobre os quais o Imposto Sobre Servi\u00e7os (ISS) \u00e9 cobrado e que fixa em 2% a al\u00edquota m\u00ednima foi sancionada e publicada no Di\u00e1rio Oficial da Uni\u00e3o pelo presidente Michel Temer, com vetos. Por meio da nova legisla\u00e7\u00e3o, busca-se acabar com a guerra fiscal entre as unidades [&hellip;]<\/p>\n","protected":false},"author":2,"featured_media":38938,"comment_status":"open","ping_status":"closed","sticky":false,"template":"","format":"standard","meta":{"tdm_status":"","tdm_grid_status":"","footnotes":""},"categories":[22,7],"tags":[],"class_list":{"0":"post-103434","1":"post","2":"type-post","3":"status-publish","4":"format-standard","5":"has-post-thumbnail","7":"category-brasil","8":"category-economia"},"_links":{"self":[{"href":"https:\/\/migracao.redenoticia.com.br\/noticia\/wp-json\/wp\/v2\/posts\/103434","targetHints":{"allow":["GET"]}}],"collection":[{"href":"https:\/\/migracao.redenoticia.com.br\/noticia\/wp-json\/wp\/v2\/posts"}],"about":[{"href":"https:\/\/migracao.redenoticia.com.br\/noticia\/wp-json\/wp\/v2\/types\/post"}],"author":[{"embeddable":true,"href":"https:\/\/migracao.redenoticia.com.br\/noticia\/wp-json\/wp\/v2\/users\/2"}],"replies":[{"embeddable":true,"href":"https:\/\/migracao.redenoticia.com.br\/noticia\/wp-json\/wp\/v2\/comments?post=103434"}],"version-history":[{"count":0,"href":"https:\/\/migracao.redenoticia.com.br\/noticia\/wp-json\/wp\/v2\/posts\/103434\/revisions"}],"wp:featuredmedia":[{"embeddable":true,"href":"https:\/\/migracao.redenoticia.com.br\/noticia\/wp-json\/wp\/v2\/media\/38938"}],"wp:attachment":[{"href":"https:\/\/migracao.redenoticia.com.br\/noticia\/wp-json\/wp\/v2\/media?parent=103434"}],"wp:term":[{"taxonomy":"category","embeddable":true,"href":"https:\/\/migracao.redenoticia.com.br\/noticia\/wp-json\/wp\/v2\/categories?post=103434"},{"taxonomy":"post_tag","embeddable":true,"href":"https:\/\/migracao.redenoticia.com.br\/noticia\/wp-json\/wp\/v2\/tags?post=103434"}],"curies":[{"name":"wp","href":"https:\/\/api.w.org\/{rel}","templated":true}]}}