{"id":103484,"date":"2017-01-02T20:25:29","date_gmt":"2017-01-02T22:25:29","guid":{"rendered":"http:\/\/www.redenoticia.com.br\/noticia\/?p=103484"},"modified":"2017-01-02T18:37:59","modified_gmt":"2017-01-02T20:37:59","slug":"novela-carinha-de-anjo-resumo-0301-dulce-maria-emilio-e-ze-felipe-querem-vender-os-animais-do-colegio","status":"publish","type":"post","link":"https:\/\/migracao.redenoticia.com.br\/noticia\/2017\/novela-carinha-de-anjo-resumo-0301-dulce-maria-emilio-e-ze-felipe-querem-vender-os-animais-do-colegio\/103484","title":{"rendered":"Novela \u201cCarinha de Anjo\u201d resumo 03\/01: Juju apaga os an\u00fancios dos animais"},"content":{"rendered":"<p><img loading=\"lazy\" decoding=\"async\" class=\"alignleft size-thumbnail wp-image-99331\" src=\"https:\/\/migracao.redenoticia.com.br\/noticia\/imagens\/carinha_de_anjo_sbt_novela_resumo_capitulo-150x112.jpg\" alt=\"carinha_de_anjo_sbt_novela_resumo_capitulo\" width=\"150\" height=\"112\" srcset=\"https:\/\/migracao.redenoticia.com.br\/noticia\/imagens\/carinha_de_anjo_sbt_novela_resumo_capitulo-150x112.jpg 150w, https:\/\/migracao.redenoticia.com.br\/noticia\/imagens\/carinha_de_anjo_sbt_novela_resumo_capitulo-265x198.jpg 265w\" sizes=\"auto, (max-width: 150px) 100vw, 150px\" \/><strong><em>Novela \u201cCarinha de Anjo\u201d resumo 03\/01<\/em><\/strong>:\u00a0Em\u00edlio, Dulce Maria e Z\u00e9 Felipe tiram fotos dos animais do col\u00e9gio para vend\u00ea-los e arrecadar dinheiro para Dulce Maria, por\u00e9m n\u00e3o contam para nenhum adulto. Z\u00e9 Felipe conta para Zeca sobre os animais do col\u00e9gio e pede segredo. No dia seguinte, v\u00e1rias pessoas v\u00e3o at\u00e9 o col\u00e9gio para retirar os animais do local, que viram em um an\u00fancio de venda na internet. In\u00e1cio e Pascoal tentam lidar com a situa\u00e7\u00e3o. Como n\u00e3o conseguem, chamam a Madre Superiora e esta explica para as pessoas o que ocorreu. Depois, Em\u00edlio conta para Juju o que aconteceu e a vlogueira apaga os an\u00fancios. Mais tarde, a Madre Superiora chama os pais de todos para uma conversa no col\u00e9gio. <\/p>\n<p>No cap\u00edtulo 032(*), novela \u201cCarinha de Anjo\u201d, ter\u00e7a-feira, 03 de janeiro \u2013 Fabiana pergunta para Frida e B\u00e1rbara o que aconteceu para elas estarem na dispensa. Frida amea\u00e7a Fabiana, de que se contar para algu\u00e9m, ela dir\u00e1 para a Madre Superiora que ela estava na dispensa fora de hora. Z\u00e9 Felipe conta para Zeca sobre os animais do col\u00e9gio e pede segredo. No dia seguinte, v\u00e1rias pessoas v\u00e3o at\u00e9 o col\u00e9gio para retirar os animais do local, que viram em um an\u00fancio de venda na internet. In\u00e1cio e Pascoal tentam lidar com a situa\u00e7\u00e3o.<\/p>\n<p>Nicole \u00e9 r\u00edspida com Gustavo pelo telefone ao saber que ele pode ficar pobre. Haydee se preocupa e Nicole diz para a m\u00e3e que est\u00e1 pensando em um plano B, que \u00e9 investir no m\u00e9dico Jairo (Willian Mello) que est\u00e1 cuidando dela. Madre Superiora explica para as pessoas o que aconteceu. Solange chega no apartamento dos L\u00e1rios e Silvestre recebe a mulher. Franciely conversa com a mulher. Frida e B\u00e1rbara d\u00e3o doces para as crian\u00e7as no recreio em troca de votos. Em\u00edlio conta para Juju o que aconteceu e a vlogueira apaga os an\u00fancios.<\/p>\n<p>Madre Superiora chama os pais de todos para uma conversa no col\u00e9gio. Adriana conta para a irm\u00e3 Fabiana e Cec\u00edlia que viu B\u00e1rbara e Frida trocando doces por votos. B\u00e1rbara revela para Fabiana sobre os doces que usaram para comprar votos. As meninas que aceitaram os doces passam mal. Na sala da Madre Superiora, a religiosa conversa com todos envolvidos na tentativa de venda dos animais. Dr. Andr\u00e9 vai at\u00e9 o col\u00e9gio ver como est\u00e3o as crian\u00e7as. Gustavo diz para Estef\u00e2nia que se decepcionou com Nicole e que n\u00e3o ir\u00e1 mais se casar com ela. Vitor contrata Solange.<\/p>\n<p>(*) edi\u00e7\u00e3o do SBT, Novela \u201cCarinha de Anjo\u201d, sujeito a altera\u00e7\u00e3o de data e conte\u00fado.<\/p>\n","protected":false},"excerpt":{"rendered":"<p>Novela \u201cCarinha de Anjo\u201d resumo 03\/01:\u00a0Em\u00edlio, Dulce Maria e Z\u00e9 Felipe tiram fotos dos animais do col\u00e9gio para vend\u00ea-los e arrecadar dinheiro para Dulce Maria, por\u00e9m n\u00e3o contam para nenhum adulto. Z\u00e9 Felipe conta para Zeca sobre os animais do col\u00e9gio e pede segredo. No dia seguinte, v\u00e1rias pessoas v\u00e3o at\u00e9 o col\u00e9gio para retirar [&hellip;]<\/p>\n","protected":false},"author":4,"featured_media":99331,"comment_status":"open","ping_status":"closed","sticky":false,"template":"","format":"standard","meta":{"tdm_status":"","tdm_grid_status":"","footnotes":""},"categories":[452,379,372,343],"tags":[441],"class_list":{"0":"post-103484","1":"post","2":"type-post","3":"status-publish","4":"format-standard","5":"has-post-thumbnail","7":"category-carinha-de-anjo","8":"category-novelas","9":"category-sbt","10":"category-televisao","11":"tag-resumo-do-dia"},"_links":{"self":[{"href":"https:\/\/migracao.redenoticia.com.br\/noticia\/wp-json\/wp\/v2\/posts\/103484","targetHints":{"allow":["GET"]}}],"collection":[{"href":"https:\/\/migracao.redenoticia.com.br\/noticia\/wp-json\/wp\/v2\/posts"}],"about":[{"href":"https:\/\/migracao.redenoticia.com.br\/noticia\/wp-json\/wp\/v2\/types\/post"}],"author":[{"embeddable":true,"href":"https:\/\/migracao.redenoticia.com.br\/noticia\/wp-json\/wp\/v2\/users\/4"}],"replies":[{"embeddable":true,"href":"https:\/\/migracao.redenoticia.com.br\/noticia\/wp-json\/wp\/v2\/comments?post=103484"}],"version-history":[{"count":0,"href":"https:\/\/migracao.redenoticia.com.br\/noticia\/wp-json\/wp\/v2\/posts\/103484\/revisions"}],"wp:featuredmedia":[{"embeddable":true,"href":"https:\/\/migracao.redenoticia.com.br\/noticia\/wp-json\/wp\/v2\/media\/99331"}],"wp:attachment":[{"href":"https:\/\/migracao.redenoticia.com.br\/noticia\/wp-json\/wp\/v2\/media?parent=103484"}],"wp:term":[{"taxonomy":"category","embeddable":true,"href":"https:\/\/migracao.redenoticia.com.br\/noticia\/wp-json\/wp\/v2\/categories?post=103484"},{"taxonomy":"post_tag","embeddable":true,"href":"https:\/\/migracao.redenoticia.com.br\/noticia\/wp-json\/wp\/v2\/tags?post=103484"}],"curies":[{"name":"wp","href":"https:\/\/api.w.org\/{rel}","templated":true}]}}