{"id":103534,"date":"2017-01-03T06:06:19","date_gmt":"2017-01-03T08:06:19","guid":{"rendered":"http:\/\/www.redenoticia.com.br\/noticia\/?p=103534"},"modified":"2017-01-02T19:09:00","modified_gmt":"2017-01-02T21:09:00","slug":"fapesp-e-embrapii-financiarao-projetos-de-pesquisa","status":"publish","type":"post","link":"https:\/\/migracao.redenoticia.com.br\/noticia\/2017\/fapesp-e-embrapii-financiarao-projetos-de-pesquisa\/103534","title":{"rendered":"FAPESP e Embrapii financiar\u00e3o projetos de pesquisa"},"content":{"rendered":"<p> Ag\u00eancia FAPESP \u2013 A FAPESP e a Associa\u00e7\u00e3o Brasileira de Pesquisa e Inova\u00e7\u00e3o Industrial (Embrapii) anunciam instru\u00e7\u00f5es para a apresenta\u00e7\u00e3o de <em><strong>propostas de pesquisas<\/strong><\/em> no \u00e2mbito do Acordo de Coopera\u00e7\u00e3o firmado entre as institui\u00e7\u00f5es.<\/p>\n<p>O acordo, assinado em agosto deste ano, prev\u00ea o financiamento de pesquisas em colabora\u00e7\u00e3o, visando intensificar a parceria entre empresas e universidades ou institutos de pesquisa, notadamente no campo da inova\u00e7\u00e3o.<\/p>\n<p>S\u00e3o considerados eleg\u00edveis para submiss\u00e3o de propostas no \u00e2mbito desta chamada pesquisadores que tenham v\u00ednculo empregat\u00edcio com universidade ou instituto de pesquisa no Estado de S\u00e3o Paulo e que possam comprovar contrapartida de recursos Embrapii para cofinanciar o projeto proposto.<\/p>\n<p>A participa\u00e7\u00e3o da FAPESP se dar\u00e1 por meio do Programa de Apoio \u00e0 Pesquisa em Parceria para Inova\u00e7\u00e3o Tecnol\u00f3gica (PITE).<\/p>\n<p>As propostas ser\u00e3o recebidas em fluxo cont\u00ednuo, durante a vig\u00eancia do acordo entre as institui\u00e7\u00f5es, at\u00e9 que se esgotem os recursos reservados para essa colabora\u00e7\u00e3o. As submiss\u00f5es devem ser feitas por meio do Sistema de Apoio a Gest\u00e3o (SAGe), no endere\u00e7o: www.fapesp.br\/sage.<\/p>\n<p>Os projetos selecionados ser\u00e3o financiados pela FAPESP e pela Embrapii. Al\u00e9m dos recursos alocados pelas signat\u00e1rias, cada projeto selecionado dever\u00e1 ser cofinanciado por uma empresa parceira.<\/p>\n<p>Mais informa\u00e7\u00f5es: .<\/p>\n","protected":false},"excerpt":{"rendered":"<p>Ag\u00eancia FAPESP \u2013 A FAPESP e a Associa\u00e7\u00e3o Brasileira de Pesquisa e Inova\u00e7\u00e3o Industrial (Embrapii) anunciam instru\u00e7\u00f5es para a apresenta\u00e7\u00e3o de propostas de pesquisas no \u00e2mbito do Acordo de Coopera\u00e7\u00e3o firmado entre as institui\u00e7\u00f5es. O acordo, assinado em agosto deste ano, prev\u00ea o financiamento de pesquisas em colabora\u00e7\u00e3o, visando intensificar a parceria entre empresas e [&hellip;]<\/p>\n","protected":false},"author":2,"featured_media":37419,"comment_status":"open","ping_status":"closed","sticky":false,"template":"","format":"standard","meta":{"tdm_status":"","tdm_grid_status":"","footnotes":""},"categories":[22,370,353],"tags":[],"class_list":{"0":"post-103534","1":"post","2":"type-post","3":"status-publish","4":"format-standard","5":"has-post-thumbnail","7":"category-brasil","8":"category-inscricao","9":"category-oportunidades"},"_links":{"self":[{"href":"https:\/\/migracao.redenoticia.com.br\/noticia\/wp-json\/wp\/v2\/posts\/103534","targetHints":{"allow":["GET"]}}],"collection":[{"href":"https:\/\/migracao.redenoticia.com.br\/noticia\/wp-json\/wp\/v2\/posts"}],"about":[{"href":"https:\/\/migracao.redenoticia.com.br\/noticia\/wp-json\/wp\/v2\/types\/post"}],"author":[{"embeddable":true,"href":"https:\/\/migracao.redenoticia.com.br\/noticia\/wp-json\/wp\/v2\/users\/2"}],"replies":[{"embeddable":true,"href":"https:\/\/migracao.redenoticia.com.br\/noticia\/wp-json\/wp\/v2\/comments?post=103534"}],"version-history":[{"count":0,"href":"https:\/\/migracao.redenoticia.com.br\/noticia\/wp-json\/wp\/v2\/posts\/103534\/revisions"}],"wp:featuredmedia":[{"embeddable":true,"href":"https:\/\/migracao.redenoticia.com.br\/noticia\/wp-json\/wp\/v2\/media\/37419"}],"wp:attachment":[{"href":"https:\/\/migracao.redenoticia.com.br\/noticia\/wp-json\/wp\/v2\/media?parent=103534"}],"wp:term":[{"taxonomy":"category","embeddable":true,"href":"https:\/\/migracao.redenoticia.com.br\/noticia\/wp-json\/wp\/v2\/categories?post=103534"},{"taxonomy":"post_tag","embeddable":true,"href":"https:\/\/migracao.redenoticia.com.br\/noticia\/wp-json\/wp\/v2\/tags?post=103534"}],"curies":[{"name":"wp","href":"https:\/\/api.w.org\/{rel}","templated":true}]}}