{"id":103572,"date":"2017-01-04T06:41:43","date_gmt":"2017-01-04T08:41:43","guid":{"rendered":"http:\/\/www.redenoticia.com.br\/noticia\/?p=103572"},"modified":"2017-01-03T09:42:38","modified_gmt":"2017-01-03T11:42:38","slug":"secretario-preve-melhora-de-exportacoes-e-importacoes-em-2017","status":"publish","type":"post","link":"https:\/\/migracao.redenoticia.com.br\/noticia\/2017\/secretario-preve-melhora-de-exportacoes-e-importacoes-em-2017\/103572","title":{"rendered":"Secret\u00e1rio prev\u00ea melhora de exporta\u00e7\u00f5es e importa\u00e7\u00f5es em 2017"},"content":{"rendered":"<p> O Minist\u00e9rio da Ind\u00fastria, Com\u00e9rcio Exterior e Servi\u00e7os prev\u00ea recupera\u00e7\u00e3o das exporta\u00e7\u00f5es e importa\u00e7\u00f5es brasileiras em 2017 e um super\u00e1vit no mesmo patamar do registrado em 2016, de US$ 47,69 bilh\u00f5es. As informa\u00e7\u00f5es s\u00e3o do secret\u00e1rio de Com\u00e9rcio Exterior da pasta, Abr\u00e3o Neto, que comentou o <strong><em>super\u00e1vit de 2016<\/em><\/strong>, o maior desde o in\u00edcio da s\u00e9rie hist\u00f3rica do governo, em 1989.<\/p>\n<p>\u201cSe este cen\u00e1rio [de recupera\u00e7\u00e3o para 2017] se confirmar, ser\u00e1 o primeiro aumento de exporta\u00e7\u00f5es nos \u00faltimos cinco anos e de exporta\u00e7\u00f5es nos \u00faltimos tr\u00eas anos. Isso nos levaria a um aumento da corrente de com\u00e9rcio, o que n\u00e3o ocorre desde 2014\u201d, disse Neto. Em 2016, apesar do super\u00e1vit recorde, a m\u00e9dia di\u00e1ria exportada caiu 3,5% ante 2015, e a m\u00e9dia di\u00e1ria importada recuou 20,1%.<\/p>\n<p>O saldo positivo do ano passado deveu-se ao fato de as importa\u00e7\u00f5es terem ca\u00eddo mais que as exporta\u00e7\u00f5es. As vendas ao exterior ca\u00edram principalmente em raz\u00e3o da redu\u00e7\u00e3o de pre\u00e7os das commodities (bens prim\u00e1rios com cota\u00e7\u00e3o internacional). J\u00e1 as importa\u00e7\u00f5es ca\u00edram, entre outros motivos, porque a demanda por bens do exterior \u2013 entre os quais est\u00e3o insumos e bens de capital, usados na produ\u00e7\u00e3o industrial \u2013 recuou por causa da crise econ\u00f4mica no pa\u00eds.<\/p>\n<p> Segundo Abr\u00e3o Neto, para este ano espera-se a melhora desse cen\u00e1rio, com expectativa de recupera\u00e7\u00e3o dos pre\u00e7os das commodities minerais, apesar da incerteza quanto aos pre\u00e7os das commodities agr\u00edcolas. O secret\u00e1rio destaca, ainda, a previs\u00e3o de crescimento da economia e com\u00e9rcio mundiais para este ano e a evolu\u00e7\u00e3o das importa\u00e7\u00f5es, que deram sinal de melhora ainda em 2016.<\/p>\n<p>Tend\u00eancia<\/p>\n<p>No primeiro trimestre de 2016, as importa\u00e7\u00f5es tiveram queda de 33,4% em rela\u00e7\u00e3o a igual per\u00edodo de 2015. No segundo trimestre, a queda era de 23,9% feita a mesma compara\u00e7\u00e3o. No terceiro trimestre, as importa\u00e7\u00f5es recuaram 13,2% em rela\u00e7\u00e3o ao mesmo intervalo de tempo do ano anterior e, por fim, no quarto e \u00faltimo trimestre do ano, ca\u00edram 6,1%, de acordo com o crit\u00e9rio da m\u00e9dia di\u00e1ria.<\/p>\n<p>No m\u00eas de dezembro, as importa\u00e7\u00f5es registraram alta de 9,3% em rela\u00e7\u00e3o ao mesmo m\u00eas de 2015, segundo o mesmo crit\u00e9rio. O secret\u00e1rio de Com\u00e9rcio Exterior, contudo, acredita que os melhores dados para avaliar o cen\u00e1rio s\u00e3o os verificados nos trimestres. \u201cIsso [aumento das importa\u00e7\u00f5es no m\u00eas] se explica por uma base de compara\u00e7\u00e3o muito baixa em dezembro de 2015.\u201d<\/p>\n<p>Segundo Neto, a proje\u00e7\u00e3o de retomada do crescimento da economia brasileira este ano permitir\u00e1 que as importa\u00e7\u00f5es continuem em recupera\u00e7\u00e3o. Nesta segunda-feira, o boletim Focus, pesquisa semanal do Banco Central com proje\u00e7\u00f5es de institui\u00e7\u00f5es financeiras, previu crescimento de 0,5% do Produto Interno Bruto (PIB, soma dos bens e riquezas produzidos em um pa\u00eds) para 2017. O governo espera ainda, para este ano, manuten\u00e7\u00e3o da taxa de c\u00e2mbio, favor\u00e1vel \u00e0s exporta\u00e7\u00f5es.<\/p>\n<p>Mesmo com exporta\u00e7\u00f5es e importa\u00e7\u00f5es em queda, o secret\u00e1rio de Com\u00e9rcio Exterior afirma que o resultado de 2016 \u00e9 positivo para o pa\u00eds. \u201c\u00c9 importante destacar a import\u00e2ncia desse super\u00e1vit em rela\u00e7\u00e3o \u00e0 manuten\u00e7\u00e3o de estoques robustos de reservas cambiais e tamb\u00e9m a contribui\u00e7\u00e3o para a melhora das nossas contas externas. At\u00e9 novembro, a balan\u00e7a comercial contribuiu para uma redu\u00e7\u00e3o de 75% no d\u00e9ficit de transa\u00e7\u00f5es correntes do pa\u00eds.\u201d<\/p>\n<p>Mariana Branco &#8211; Rep\u00f3rter da Ag\u00eancia Brasil<br \/>\nEdi\u00e7\u00e3o: Luana Louren\u00e7o<br \/>\n04\/01\/2017<\/p>\n","protected":false},"excerpt":{"rendered":"<p>O Minist\u00e9rio da Ind\u00fastria, Com\u00e9rcio Exterior e Servi\u00e7os prev\u00ea recupera\u00e7\u00e3o das exporta\u00e7\u00f5es e importa\u00e7\u00f5es brasileiras em 2017 e um super\u00e1vit no mesmo patamar do registrado em 2016, de US$ 47,69 bilh\u00f5es. As informa\u00e7\u00f5es s\u00e3o do secret\u00e1rio de Com\u00e9rcio Exterior da pasta, Abr\u00e3o Neto, que comentou o super\u00e1vit de 2016, o maior desde o in\u00edcio da [&hellip;]<\/p>\n","protected":false},"author":2,"featured_media":38938,"comment_status":"open","ping_status":"closed","sticky":false,"template":"","format":"standard","meta":{"tdm_status":"","tdm_grid_status":"","footnotes":""},"categories":[22,7],"tags":[],"class_list":{"0":"post-103572","1":"post","2":"type-post","3":"status-publish","4":"format-standard","5":"has-post-thumbnail","7":"category-brasil","8":"category-economia"},"_links":{"self":[{"href":"https:\/\/migracao.redenoticia.com.br\/noticia\/wp-json\/wp\/v2\/posts\/103572","targetHints":{"allow":["GET"]}}],"collection":[{"href":"https:\/\/migracao.redenoticia.com.br\/noticia\/wp-json\/wp\/v2\/posts"}],"about":[{"href":"https:\/\/migracao.redenoticia.com.br\/noticia\/wp-json\/wp\/v2\/types\/post"}],"author":[{"embeddable":true,"href":"https:\/\/migracao.redenoticia.com.br\/noticia\/wp-json\/wp\/v2\/users\/2"}],"replies":[{"embeddable":true,"href":"https:\/\/migracao.redenoticia.com.br\/noticia\/wp-json\/wp\/v2\/comments?post=103572"}],"version-history":[{"count":0,"href":"https:\/\/migracao.redenoticia.com.br\/noticia\/wp-json\/wp\/v2\/posts\/103572\/revisions"}],"wp:featuredmedia":[{"embeddable":true,"href":"https:\/\/migracao.redenoticia.com.br\/noticia\/wp-json\/wp\/v2\/media\/38938"}],"wp:attachment":[{"href":"https:\/\/migracao.redenoticia.com.br\/noticia\/wp-json\/wp\/v2\/media?parent=103572"}],"wp:term":[{"taxonomy":"category","embeddable":true,"href":"https:\/\/migracao.redenoticia.com.br\/noticia\/wp-json\/wp\/v2\/categories?post=103572"},{"taxonomy":"post_tag","embeddable":true,"href":"https:\/\/migracao.redenoticia.com.br\/noticia\/wp-json\/wp\/v2\/tags?post=103572"}],"curies":[{"name":"wp","href":"https:\/\/api.w.org\/{rel}","templated":true}]}}