{"id":103607,"date":"2017-01-05T06:06:59","date_gmt":"2017-01-05T08:06:59","guid":{"rendered":"http:\/\/www.redenoticia.com.br\/noticia\/?p=103607"},"modified":"2017-01-04T20:09:01","modified_gmt":"2017-01-04T22:09:01","slug":"universidade-aberta-a-terceira-idade-usp-programa-divulga-calendario-2017","status":"publish","type":"post","link":"https:\/\/migracao.redenoticia.com.br\/noticia\/2017\/universidade-aberta-a-terceira-idade-usp-programa-divulga-calendario-2017\/103607","title":{"rendered":"Universidade Aberta \u00e0 Terceira Idade USP: programa divulga calend\u00e1rio 2017"},"content":{"rendered":"<p> O <em><strong>Universidade Aberta \u00e0 Terceira Idade<\/strong><\/em>, da USP &#8211; Universidade de S\u00e3o Paulo, programa voltado \u00e0s pessoas com mais de 60 anos de idade, divulgou seu calend\u00e1rio de atividades para o primeiro semestre de 2017.\u00a0Al\u00e9m do campus Butant\u00e3, elas acontecem nos campi de Bauru, Lorena, Piracicaba, Pirassununga, Ribeir\u00e3o Preto e S\u00e3o Carlos.<\/p>\n<p>E fique de olho: as inscri\u00e7\u00f5es estar\u00e3o abertas de 20 a 24 de fevereiro.<\/p>\n<p>Outras informa\u00e7\u00f5es podem ser obtidas\u00a0\u00a0e na\u00a0.<\/p>\n<p>Do Portal do Governo do Estado SP<\/p>\n<p>&#8212;<br \/>\nRegulamento<\/p>\n<p>Idade m\u00ednima de 60 (sessenta) anos, como estabelece a ONU e a UNESCO;<br \/>\nOs alunos do programa Universidade Aberta \u00e0 Terceira Idade s\u00e3o vinculados a este programa, n\u00e3o recebendo n\u00fa\u00admero USP e tendo direito apenas a atestado de participa\u00ad\u00e7\u00e3o, emitido pela Pr\u00f3-Reitoria de Cultura e Extens\u00e3o Uni\u00adversit\u00e1ria, quando o docente assim o determinar e desde que o aluno cumpra as exig\u00eancias da disciplina. Caber\u00e1 \u00e0s secretarias solicitar o n\u00famero de atestados requeridos;<br \/>\nDisciplinas espec\u00edficas requerem exame pr\u00e9vio de cur\u00adr\u00edculo ou entrevista com o docente respons\u00e1vel; para a maioria delas, por\u00e9m, nada \u00e9 exigido, desde que haja, pelo menos, por parte do candidato, condi\u00e7\u00f5es sufi\u00adcientes de aproveitamento;<br \/>\nCada unidade da USP \u00e9 soberana na gest\u00e3o do programa, administrando-o conforme suas necessidades internas.<br \/>\nO per\u00edodo de inscri\u00e7\u00e3o para as disciplinas regulares do 1\u00ba semestre de 2017 ser\u00e1 de 20 a 24 de fevereiro de 2017.<\/p>\n","protected":false},"excerpt":{"rendered":"<p>O Universidade Aberta \u00e0 Terceira Idade, da USP &#8211; Universidade de S\u00e3o Paulo, programa voltado \u00e0s pessoas com mais de 60 anos de idade, divulgou seu calend\u00e1rio de atividades para o primeiro semestre de 2017.\u00a0Al\u00e9m do campus Butant\u00e3, elas acontecem nos campi de Bauru, Lorena, Piracicaba, Pirassununga, Ribeir\u00e3o Preto e S\u00e3o Carlos. E fique de [&hellip;]<\/p>\n","protected":false},"author":2,"featured_media":36246,"comment_status":"open","ping_status":"closed","sticky":false,"template":"","format":"standard","meta":{"tdm_status":"","tdm_grid_status":"","footnotes":""},"categories":[22,370,295],"tags":[],"class_list":{"0":"post-103607","1":"post","2":"type-post","3":"status-publish","4":"format-standard","5":"has-post-thumbnail","7":"category-brasil","8":"category-inscricao","9":"category-vestibular"},"_links":{"self":[{"href":"https:\/\/migracao.redenoticia.com.br\/noticia\/wp-json\/wp\/v2\/posts\/103607","targetHints":{"allow":["GET"]}}],"collection":[{"href":"https:\/\/migracao.redenoticia.com.br\/noticia\/wp-json\/wp\/v2\/posts"}],"about":[{"href":"https:\/\/migracao.redenoticia.com.br\/noticia\/wp-json\/wp\/v2\/types\/post"}],"author":[{"embeddable":true,"href":"https:\/\/migracao.redenoticia.com.br\/noticia\/wp-json\/wp\/v2\/users\/2"}],"replies":[{"embeddable":true,"href":"https:\/\/migracao.redenoticia.com.br\/noticia\/wp-json\/wp\/v2\/comments?post=103607"}],"version-history":[{"count":0,"href":"https:\/\/migracao.redenoticia.com.br\/noticia\/wp-json\/wp\/v2\/posts\/103607\/revisions"}],"wp:featuredmedia":[{"embeddable":true,"href":"https:\/\/migracao.redenoticia.com.br\/noticia\/wp-json\/wp\/v2\/media\/36246"}],"wp:attachment":[{"href":"https:\/\/migracao.redenoticia.com.br\/noticia\/wp-json\/wp\/v2\/media?parent=103607"}],"wp:term":[{"taxonomy":"category","embeddable":true,"href":"https:\/\/migracao.redenoticia.com.br\/noticia\/wp-json\/wp\/v2\/categories?post=103607"},{"taxonomy":"post_tag","embeddable":true,"href":"https:\/\/migracao.redenoticia.com.br\/noticia\/wp-json\/wp\/v2\/tags?post=103607"}],"curies":[{"name":"wp","href":"https:\/\/api.w.org\/{rel}","templated":true}]}}