{"id":103615,"date":"2017-01-03T18:25:04","date_gmt":"2017-01-03T20:25:04","guid":{"rendered":"http:\/\/www.redenoticia.com.br\/noticia\/?p=103615"},"modified":"2017-01-03T19:05:21","modified_gmt":"2017-01-03T21:05:21","slug":"novela-sol-nascente-resumo-0401-loretta-quer-separar-milena-e-ralf","status":"publish","type":"post","link":"https:\/\/migracao.redenoticia.com.br\/noticia\/2017\/novela-sol-nascente-resumo-0401-loretta-quer-separar-milena-e-ralf\/103615","title":{"rendered":"Novela \u201cSol Nascente\u201d resumo 04\/01: Loretta quer separar Milena e Ralf"},"content":{"rendered":"<p><img loading=\"lazy\" decoding=\"async\" class=\"alignleft size-thumbnail wp-image-91714\" src=\"https:\/\/migracao.redenoticia.com.br\/noticia\/imagens\/sol_nascente_resumo_novela_globo-150x112.jpg\" alt=\"sol_nascente_resumo_novela_globo\" width=\"150\" height=\"112\" srcset=\"https:\/\/migracao.redenoticia.com.br\/noticia\/imagens\/sol_nascente_resumo_novela_globo-150x112.jpg 150w, https:\/\/migracao.redenoticia.com.br\/noticia\/imagens\/sol_nascente_resumo_novela_globo-265x198.jpg 265w\" sizes=\"auto, (max-width: 150px) 100vw, 150px\" \/><strong><em>Novela \u201cSol Nascente\u201d resumo 04\/01<\/em><\/strong>:\u00a0Loretta j\u00e1 tentou agarrar Vittorio \u00e0 for\u00e7a e, no primeiro dia do ano, ela o ataca novamente. Por estar irritada com o namoro de\u00a0Milena e Ralf, sempre inconveniente, ela diz que n\u00e3o foi isso que sonhou para a filha. Depois de ouvir Loretta falar mal de seu irm\u00e3o, a dona do Rota 94 solta boas verdades na cara da rival. Lenita deixa claro que foi Ralf quem segurou as barras mais pesadas dos estragos que a aus\u00eancia e a omiss\u00e3o dela provocaram em Milena. E o resto da fam\u00edlia tamb\u00e9m compra a briga.\u00a0Gaetano, Geppina, Vittorio e at\u00e9 Peppino reprovam a atitude de Loretta. Gaetano diz que, se ela n\u00e3o sabe se comportar em fam\u00edlia, pode fazer as malas e levar o veneno dela para outra freguesia. Mas, Loretta n\u00e3o desiste de separar o casal e implora que Milena a acompanhe a uma festa em S\u00e3o Paulo. Depois, Loretta pede que Pietra apresente rapazes para Milena. <\/p>\n<p>No cap\u00edtulo 110(*), novela \u201cSol Nascente\u201d, quarta-feira, 04 de janeiro \u2013 Jo\u00e3o Amaro se preocupa com a ordem de Cesar para sequestrar Mario. Loretta implora que Milena a acompanhe a uma festa em S\u00e3o Paulo. Alice tenta disfar\u00e7ar a tristeza para Yumi. Gaetano briga com Tanaka.<\/p>\n<p>Alice pensa em Mario. Chica conversa com Quirino sobre a vis\u00e3o que teve envolvendo Cesar e Massao. Loretta pede que Pietra apresente rapazes para Milena. Dora repreende Elisa por se embriagar. Tiago v\u00ea Dora com Jo\u00e3o Amaro e se incomoda. Damasceno questiona Ralf sobre uma tatuagem.<\/p>\n<p>Lenita e Vittorio conversam sobre o casamento. Geppina obriga Gaetano a fazer as pazes com Tanaka. Mieko se entende com Damasceno. Vittorio reclama por Milena viajar com Loretta. Mario pensa em Alice. Jo\u00e3o Amaro aconselha Cesar a ter cuidado com Carolina. Carolina tem uma crise de choro e Ana se preocupa.<\/p>\n<p>(*) edi\u00e7\u00e3o da Rede Globo, Novela \u201cSol Nascente\u201d, sujeito a altera\u00e7\u00e3o de data e conte\u00fado.<\/p>\n","protected":false},"excerpt":{"rendered":"<p>Novela \u201cSol Nascente\u201d resumo 04\/01:\u00a0Loretta j\u00e1 tentou agarrar Vittorio \u00e0 for\u00e7a e, no primeiro dia do ano, ela o ataca novamente. Por estar irritada com o namoro de\u00a0Milena e Ralf, sempre inconveniente, ela diz que n\u00e3o foi isso que sonhou para a filha. Depois de ouvir Loretta falar mal de seu irm\u00e3o, a dona do [&hellip;]<\/p>\n","protected":false},"author":4,"featured_media":91714,"comment_status":"open","ping_status":"closed","sticky":false,"template":"","format":"standard","meta":{"tdm_status":"","tdm_grid_status":"","footnotes":""},"categories":[379,375,343],"tags":[441],"class_list":{"0":"post-103615","1":"post","2":"type-post","3":"status-publish","4":"format-standard","5":"has-post-thumbnail","7":"category-novelas","8":"category-rede-globo","9":"category-televisao","10":"tag-resumo-do-dia"},"_links":{"self":[{"href":"https:\/\/migracao.redenoticia.com.br\/noticia\/wp-json\/wp\/v2\/posts\/103615","targetHints":{"allow":["GET"]}}],"collection":[{"href":"https:\/\/migracao.redenoticia.com.br\/noticia\/wp-json\/wp\/v2\/posts"}],"about":[{"href":"https:\/\/migracao.redenoticia.com.br\/noticia\/wp-json\/wp\/v2\/types\/post"}],"author":[{"embeddable":true,"href":"https:\/\/migracao.redenoticia.com.br\/noticia\/wp-json\/wp\/v2\/users\/4"}],"replies":[{"embeddable":true,"href":"https:\/\/migracao.redenoticia.com.br\/noticia\/wp-json\/wp\/v2\/comments?post=103615"}],"version-history":[{"count":0,"href":"https:\/\/migracao.redenoticia.com.br\/noticia\/wp-json\/wp\/v2\/posts\/103615\/revisions"}],"wp:featuredmedia":[{"embeddable":true,"href":"https:\/\/migracao.redenoticia.com.br\/noticia\/wp-json\/wp\/v2\/media\/91714"}],"wp:attachment":[{"href":"https:\/\/migracao.redenoticia.com.br\/noticia\/wp-json\/wp\/v2\/media?parent=103615"}],"wp:term":[{"taxonomy":"category","embeddable":true,"href":"https:\/\/migracao.redenoticia.com.br\/noticia\/wp-json\/wp\/v2\/categories?post=103615"},{"taxonomy":"post_tag","embeddable":true,"href":"https:\/\/migracao.redenoticia.com.br\/noticia\/wp-json\/wp\/v2\/tags?post=103615"}],"curies":[{"name":"wp","href":"https:\/\/api.w.org\/{rel}","templated":true}]}}