{"id":103623,"date":"2017-01-03T20:25:04","date_gmt":"2017-01-03T22:25:04","guid":{"rendered":"http:\/\/www.redenoticia.com.br\/noticia\/?p=103623"},"modified":"2017-01-03T19:11:40","modified_gmt":"2017-01-03T21:11:40","slug":"novela-carinha-de-anjo-resumo-0401-dulce-maria-e-a-nova-representante-de-classe","status":"publish","type":"post","link":"https:\/\/migracao.redenoticia.com.br\/noticia\/2017\/novela-carinha-de-anjo-resumo-0401-dulce-maria-e-a-nova-representante-de-classe\/103623","title":{"rendered":"Novela \u201cCarinha de Anjo\u201d resumo 04\/01: Dulce Maria \u00e9 a nova representante da classe"},"content":{"rendered":"<p><img loading=\"lazy\" decoding=\"async\" class=\"alignleft size-thumbnail wp-image-99331\" src=\"https:\/\/migracao.redenoticia.com.br\/noticia\/imagens\/carinha_de_anjo_sbt_novela_resumo_capitulo-150x112.jpg\" alt=\"carinha_de_anjo_sbt_novela_resumo_capitulo\" width=\"150\" height=\"112\" srcset=\"https:\/\/migracao.redenoticia.com.br\/noticia\/imagens\/carinha_de_anjo_sbt_novela_resumo_capitulo-150x112.jpg 150w, https:\/\/migracao.redenoticia.com.br\/noticia\/imagens\/carinha_de_anjo_sbt_novela_resumo_capitulo-265x198.jpg 265w\" sizes=\"auto, (max-width: 150px) 100vw, 150px\" \/><strong><em>Novela \u201cCarinha de Anjo\u201d resumo 04\/01<\/em><\/strong>: para ganhar a elei\u00e7\u00e3o de representante de classe, B\u00e1rbara e Frida resolvem roubar doces da dispensa do col\u00e9gio para distribuir \u00e0s outras crian\u00e7as. As meninas usam as guloseimas para comprar votos, mas todas acabam por passar mal de tanto comer doces. Dr. Andr\u00e9 vai at\u00e9 o col\u00e9gio ver como est\u00e3o as crian\u00e7as.\u00a0Dulce Maria faz v\u00e1rias perguntas para o Dr. Andr\u00e9 e agradece por ele ter cuidado de suas amigas. O m\u00e9dico diz que foi um prazer rever Cec\u00edlia e que espera ter essa possibilidade por mais vezes. Ap\u00f3s o incidente, Dulce Maria \u00e9 escolhida como representante da classe. <\/p>\n<p>No cap\u00edtulo 033(*), novela \u201cCarinha de Anjo\u201d, quarta-feira, 04 de janeiro \u2013 B\u00e1rbara e Frida s\u00e3o suspensas por tr\u00eas dias por terem tentado comprar votos e deixado as colegas doentes. Dulce Maria faz v\u00e1rias perguntas para o Dr. Andr\u00e9 e agradece por ele ter cuidado de suas amigas.<\/p>\n<p>O m\u00e9dico diz que foi um prazer rever Cec\u00edlia e que espera ter essa possibilidade por mais vezes. Gustavo se pergunta o que acontece com ele, pois a irm\u00e3 Cec\u00edlia n\u00e3o sai de sua mente. Dulce Maria \u00e9 a nova representante de classe, pois B\u00e1rbara e Frida s\u00e3o desclassificadas.<\/p>\n<p>Crist\u00f3v\u00e3o avisa Gustavo que a Pol\u00edcia conseguiu encontrar o golpista e o dinheiro da empresa ser\u00e1 recuperado, dando um fim ao terror financeiro da Rey Caf\u00e9. Gustavo vai at\u00e9 o col\u00e9gio contar a novidade para Dulce Maria. Silvestre explica como deve trabalhar Solange. Nicole fica sabendo atrav\u00e9s do irm\u00e3o que Gustavo n\u00e3o corre mais o risco de ficar pobre.<\/p>\n<p>(*) edi\u00e7\u00e3o do SBT, Novela \u201cCarinha de Anjo\u201d, sujeito a altera\u00e7\u00e3o de data e conte\u00fado.<\/p>\n","protected":false},"excerpt":{"rendered":"<p>Novela \u201cCarinha de Anjo\u201d resumo 04\/01: para ganhar a elei\u00e7\u00e3o de representante de classe, B\u00e1rbara e Frida resolvem roubar doces da dispensa do col\u00e9gio para distribuir \u00e0s outras crian\u00e7as. As meninas usam as guloseimas para comprar votos, mas todas acabam por passar mal de tanto comer doces. Dr. Andr\u00e9 vai at\u00e9 o col\u00e9gio ver como [&hellip;]<\/p>\n","protected":false},"author":4,"featured_media":99331,"comment_status":"open","ping_status":"closed","sticky":false,"template":"","format":"standard","meta":{"tdm_status":"","tdm_grid_status":"","footnotes":""},"categories":[452,379,372,343],"tags":[441],"class_list":{"0":"post-103623","1":"post","2":"type-post","3":"status-publish","4":"format-standard","5":"has-post-thumbnail","7":"category-carinha-de-anjo","8":"category-novelas","9":"category-sbt","10":"category-televisao","11":"tag-resumo-do-dia"},"_links":{"self":[{"href":"https:\/\/migracao.redenoticia.com.br\/noticia\/wp-json\/wp\/v2\/posts\/103623","targetHints":{"allow":["GET"]}}],"collection":[{"href":"https:\/\/migracao.redenoticia.com.br\/noticia\/wp-json\/wp\/v2\/posts"}],"about":[{"href":"https:\/\/migracao.redenoticia.com.br\/noticia\/wp-json\/wp\/v2\/types\/post"}],"author":[{"embeddable":true,"href":"https:\/\/migracao.redenoticia.com.br\/noticia\/wp-json\/wp\/v2\/users\/4"}],"replies":[{"embeddable":true,"href":"https:\/\/migracao.redenoticia.com.br\/noticia\/wp-json\/wp\/v2\/comments?post=103623"}],"version-history":[{"count":0,"href":"https:\/\/migracao.redenoticia.com.br\/noticia\/wp-json\/wp\/v2\/posts\/103623\/revisions"}],"wp:featuredmedia":[{"embeddable":true,"href":"https:\/\/migracao.redenoticia.com.br\/noticia\/wp-json\/wp\/v2\/media\/99331"}],"wp:attachment":[{"href":"https:\/\/migracao.redenoticia.com.br\/noticia\/wp-json\/wp\/v2\/media?parent=103623"}],"wp:term":[{"taxonomy":"category","embeddable":true,"href":"https:\/\/migracao.redenoticia.com.br\/noticia\/wp-json\/wp\/v2\/categories?post=103623"},{"taxonomy":"post_tag","embeddable":true,"href":"https:\/\/migracao.redenoticia.com.br\/noticia\/wp-json\/wp\/v2\/tags?post=103623"}],"curies":[{"name":"wp","href":"https:\/\/api.w.org\/{rel}","templated":true}]}}