{"id":103686,"date":"2017-01-04T17:25:32","date_gmt":"2017-01-04T19:25:32","guid":{"rendered":"http:\/\/www.redenoticia.com.br\/noticia\/?p=103686"},"modified":"2017-01-04T20:31:15","modified_gmt":"2017-01-04T22:31:15","slug":"novela-cheias-de-charme-resumo-0501-rosario-e-penha-discutem","status":"publish","type":"post","link":"https:\/\/migracao.redenoticia.com.br\/noticia\/2017\/novela-cheias-de-charme-resumo-0501-rosario-e-penha-discutem\/103686","title":{"rendered":"Novela \u201cCheias de Charme\u201d resumo 05\/01: Ros\u00e1rio e Penha discutem"},"content":{"rendered":"<p><img loading=\"lazy\" decoding=\"async\" class=\"alignleft size-thumbnail wp-image-95548\" src=\"https:\/\/migracao.redenoticia.com.br\/noticia\/imagens\/cheias-de-charme-novela-globo-internacional-resumo-proximo-capitulo-150x112.jpg\" alt=\"cheias-de-charme-novela-globo-internacional-resumo-proximo-capitulo\" width=\"150\" height=\"112\" \/><strong><em>Novela \u201cCheias de Charme\u201d resumo 05\/01<\/em><\/strong>:\u00a0Penha cogita deixar de ir a uma entrevista com as Empreguetes por causa do concurso de Patrick e Ros\u00e1rio se preocupa. Patrick implora que Penha o veja dan\u00e7ar. Enquanto isso, Socorro tenta colocar Ros\u00e1rio contra Penha. Patrick fica nervoso com os concorrentes. Ros\u00e1rio e Cida se angustiam com a demora de Penha. Patrick n\u00e3o consegue dan\u00e7ar e \u00e9 confortado pela m\u00e3e. A entrevistadora americana chega na casa de Ros\u00e1rio. Penha chega para a entrevista e Ros\u00e1rio tenta conter o mau-humor. Ros\u00e1rio e Penha discutem. <\/p>\n<p>No cap\u00edtulo 079(*), novela \u201cCheias de Charme\u201d, quinta-feira, 05 de janeiro \u2013 Patrick implora que Penha o veja dan\u00e7ar. Liara se entristece com a falta de interesse de Rodinei em viajar para Berlim. Socorro tenta colocar Ros\u00e1rio contra Penha. Rodinei sai da cadeia.<\/p>\n<p>Fabian perde um contrato por causa de Chayene. Patrick fica nervoso com os concorrentes. Ros\u00e1rio e Cida se angustiam com a demora de Penha. Patrick n\u00e3o consegue dan\u00e7ar e \u00e9 confortado pela m\u00e3e. A entrevistadora americana chega \u00e0 casa de Ros\u00e1rio.<\/p>\n<p>Chayene pensa em enganar Fabian novamente. Penha chega para a entrevista e Ros\u00e1rio tenta conter o mau-humor. Ros\u00e1rio e Penha discutem. Chayene se desespera ao saber que seu tempero afrodis\u00edaco acabou. Penha descobre que Sandro fez um bol\u00e3o de apostas para o concurso do passinho.<\/p>\n<p>(*) edi\u00e7\u00e3o da Rede Globo, Novela \u201cCheias de Charme\u201d, sujeito a altera\u00e7\u00e3o de data e conte\u00fado.<\/p>\n","protected":false},"excerpt":{"rendered":"<p>Novela \u201cCheias de Charme\u201d resumo 05\/01:\u00a0Penha cogita deixar de ir a uma entrevista com as Empreguetes por causa do concurso de Patrick e Ros\u00e1rio se preocupa. Patrick implora que Penha o veja dan\u00e7ar. Enquanto isso, Socorro tenta colocar Ros\u00e1rio contra Penha. Patrick fica nervoso com os concorrentes. Ros\u00e1rio e Cida se angustiam com a demora [&hellip;]<\/p>\n","protected":false},"author":4,"featured_media":95548,"comment_status":"open","ping_status":"closed","sticky":false,"template":"","format":"standard","meta":{"tdm_status":"","tdm_grid_status":"","footnotes":""},"categories":[379,375,343],"tags":[441],"class_list":{"0":"post-103686","1":"post","2":"type-post","3":"status-publish","4":"format-standard","5":"has-post-thumbnail","7":"category-novelas","8":"category-rede-globo","9":"category-televisao","10":"tag-resumo-do-dia"},"_links":{"self":[{"href":"https:\/\/migracao.redenoticia.com.br\/noticia\/wp-json\/wp\/v2\/posts\/103686","targetHints":{"allow":["GET"]}}],"collection":[{"href":"https:\/\/migracao.redenoticia.com.br\/noticia\/wp-json\/wp\/v2\/posts"}],"about":[{"href":"https:\/\/migracao.redenoticia.com.br\/noticia\/wp-json\/wp\/v2\/types\/post"}],"author":[{"embeddable":true,"href":"https:\/\/migracao.redenoticia.com.br\/noticia\/wp-json\/wp\/v2\/users\/4"}],"replies":[{"embeddable":true,"href":"https:\/\/migracao.redenoticia.com.br\/noticia\/wp-json\/wp\/v2\/comments?post=103686"}],"version-history":[{"count":0,"href":"https:\/\/migracao.redenoticia.com.br\/noticia\/wp-json\/wp\/v2\/posts\/103686\/revisions"}],"wp:featuredmedia":[{"embeddable":true,"href":"https:\/\/migracao.redenoticia.com.br\/noticia\/wp-json\/wp\/v2\/media\/95548"}],"wp:attachment":[{"href":"https:\/\/migracao.redenoticia.com.br\/noticia\/wp-json\/wp\/v2\/media?parent=103686"}],"wp:term":[{"taxonomy":"category","embeddable":true,"href":"https:\/\/migracao.redenoticia.com.br\/noticia\/wp-json\/wp\/v2\/categories?post=103686"},{"taxonomy":"post_tag","embeddable":true,"href":"https:\/\/migracao.redenoticia.com.br\/noticia\/wp-json\/wp\/v2\/tags?post=103686"}],"curies":[{"name":"wp","href":"https:\/\/api.w.org\/{rel}","templated":true}]}}