{"id":103721,"date":"2017-01-05T06:09:06","date_gmt":"2017-01-05T08:09:06","guid":{"rendered":"http:\/\/www.redenoticia.com.br\/noticia\/?p=103721"},"modified":"2017-01-04T20:10:00","modified_gmt":"2017-01-04T22:10:00","slug":"governo-de-sp-e-bndes-investem-em-fabrica-de-vacina-contra-a-dengue","status":"publish","type":"post","link":"https:\/\/migracao.redenoticia.com.br\/noticia\/2017\/governo-de-sp-e-bndes-investem-em-fabrica-de-vacina-contra-a-dengue\/103721","title":{"rendered":"Governo de SP e BNDES investem em f\u00e1brica de vacina contra a dengue"},"content":{"rendered":"<p> O Estado de S\u00e3o Paulo continua avan\u00e7ando no combate \u00e0 dengue. Na ter\u00e7a-feira (3), o governador Geraldo Alckmin assinou um acordo com o Banco Nacional de Desenvolvimento (BNDES) para a libera\u00e7\u00e3o de R$ 97,2 milh\u00f5es \u00e0 Funda\u00e7\u00e3o Butantan. Os recursos ser\u00e3o usados na conclus\u00e3o das obras da f\u00e1brica da primeira <em><strong>vacina brasileira contra a dengue<\/strong><\/em>.<\/p>\n<p>&#8220;Isso \u00e9 importante para a ci\u00eancia brasileira e uma grande colabora\u00e7\u00e3o \u00e0 ci\u00eancia mundial, porque n\u00e3o h\u00e1 no mundo uma vacina contra a dengue com apenas uma \u00fanica dose&#8221;, disse o governador. Ele ainda completa afirmando que &#8220;40% da popula\u00e7\u00e3o mundial vive em pa\u00edses tropicais ou subtropicais e est\u00e1 sujeita \u00e0 doen\u00e7a&#8221;.<\/p>\n<p>A nova f\u00e1brica ficar\u00e1 dentro do Instituto Butantan e ter\u00e1 3 mil m\u00b2 de \u00e1rea constru\u00edda. As instala\u00e7\u00f5es foram arquitetadas para suportar a produ\u00e7\u00e3o de at\u00e9 100 milh\u00f5es de doses de produto concentrado (bulk) e at\u00e9 30 milh\u00f5es de doses de vacina liofilizada contra a dengue por ano. A planta tamb\u00e9m foi planejada para operar a produ\u00e7\u00e3o de vacinas contra a raiva e zika v\u00edrus, entre outras.<\/p>\n<p>&#8220;N\u00f3s j\u00e1 estamos fazendo a f\u00e1brica para quando a vacina estiver pronta, as instala\u00e7\u00f5es j\u00e1 devem estar tamb\u00e9m. E a f\u00e1brica j\u00e1 est\u00e1 quase finalizada, porque o que est\u00e1 faltando s\u00e3o as paredes &#8211; que s\u00e3o pr\u00e9-fabricadas. Mas n\u00f3s s\u00f3 vamos colocar as paredes ap\u00f3s os equipamentos &#8211; que s\u00e3o muito grandes &#8211; entrarem. Mas a infraestrutura do pr\u00e9dio est\u00e1 toda pronta&#8221;, explica o diretor do Instituto Butantan, Jorge Kalil.<\/p>\n<p>Investimento<br \/>\nO aporte do banco corresponde a 31% do investimento total do projeto, or\u00e7ado em R$ 305,5 milh\u00f5es. O contrato ocorreu por meio do programa BNDES_Funtec, que prev\u00ea a libera\u00e7\u00e3o a fundo perdido a iniciativas de pesquisa aplicada, desenvolvimento tecnol\u00f3gico e inova\u00e7\u00e3o executados por Institui\u00e7\u00f5es Tecnol\u00f3gicas (IT), selecionados de acordo com os focos de atua\u00e7\u00e3o divulgados anualmente pelo BNDES.<\/p>\n<p>&#8220;Os recursos n\u00e3o voltam ao BNDES porque n\u00e3o s\u00e3o reembols\u00e1veis. Nossa contrapartida \u00e9 o benef\u00edcio social que a vacina contra a dengue vai gerar para o Brasil&#8221;, diz Cl\u00e1udia Prates, diretora de ind\u00fastria e insumos b\u00e1sicos do BNDES.<\/p>\n<p>Al\u00e9m do investimento nas obras, os recursos incluem a instala\u00e7\u00e3o e montagem de equipamentos, mobili\u00e1rio, insumos e servi\u00e7os de qualifica\u00e7\u00e3o para a instala\u00e7\u00e3o dos equipamentos. A opera\u00e7\u00e3o ainda contribui para a forma\u00e7\u00e3o de equipes qualificadas para a condu\u00e7\u00e3o de estudos cl\u00ednicos para o desenvolvimento da vacina.<\/p>\n<p>Vacina<br \/>\nA primeira vacina brasileira contra dengue est\u00e1 na \u00faltima fase de testes cl\u00ednicos, antes de ser submetida \u00e0 aprova\u00e7\u00e3o da Ag\u00eancia Nacional de Vigil\u00e2ncia Sanit\u00e1ria (Anvisa). Ap\u00f3s a valida\u00e7\u00e3o, ela ser\u00e1 produzida em larga escala e disponibilizada para campanhas de imuniza\u00e7\u00e3o em massa na rede p\u00fablica de sa\u00fade em todo o Brasil.<\/p>\n<p>Os estudos feitos nessa \u00faltima fase envolvem 17 mil volunt\u00e1rios em 13 cidades nas cinco regi\u00f5es do Brasil. Est\u00e3o sendo convidadas a participar do estudo pessoas saud\u00e1veis, que j\u00e1 tiveram ou n\u00e3o dengue em algum momento da vida e que se enquadrem em tr\u00eas faixas de idade: 2 a 6 anos, 7 a 17 anos e 18 a 59 anos. Os participantes do estudo s\u00e3o acompanhados pela equipe m\u00e9dica por um per\u00edodo de cinco anos para verificar a dura\u00e7\u00e3o da prote\u00e7\u00e3o oferecida pela vacina.<\/p>\n<p>A \u00faltima etapa da pesquisa \u00e9 a comprova\u00e7\u00e3o da efic\u00e1cia da vacina. Os dados dispon\u00edveis das duas primeiras fases indicam que a vacina \u00e9 segura, que induz o organismo a produzir anticorpos de maneira equilibrada contra os quatro v\u00edrus da dengue e que \u00e9 potencialmente eficaz.<\/p>\n<p>Do Portal do Governo do Estado SP<\/p>\n","protected":false},"excerpt":{"rendered":"<p>O Estado de S\u00e3o Paulo continua avan\u00e7ando no combate \u00e0 dengue. Na ter\u00e7a-feira (3), o governador Geraldo Alckmin assinou um acordo com o Banco Nacional de Desenvolvimento (BNDES) para a libera\u00e7\u00e3o de R$ 97,2 milh\u00f5es \u00e0 Funda\u00e7\u00e3o Butantan. Os recursos ser\u00e3o usados na conclus\u00e3o das obras da f\u00e1brica da primeira vacina brasileira contra a dengue. [&hellip;]<\/p>\n","protected":false},"author":2,"featured_media":34747,"comment_status":"open","ping_status":"closed","sticky":false,"template":"","format":"standard","meta":{"tdm_status":"","tdm_grid_status":"","footnotes":""},"categories":[22,5],"tags":[],"class_list":{"0":"post-103721","1":"post","2":"type-post","3":"status-publish","4":"format-standard","5":"has-post-thumbnail","7":"category-brasil","8":"category-saude-e-vida"},"_links":{"self":[{"href":"https:\/\/migracao.redenoticia.com.br\/noticia\/wp-json\/wp\/v2\/posts\/103721","targetHints":{"allow":["GET"]}}],"collection":[{"href":"https:\/\/migracao.redenoticia.com.br\/noticia\/wp-json\/wp\/v2\/posts"}],"about":[{"href":"https:\/\/migracao.redenoticia.com.br\/noticia\/wp-json\/wp\/v2\/types\/post"}],"author":[{"embeddable":true,"href":"https:\/\/migracao.redenoticia.com.br\/noticia\/wp-json\/wp\/v2\/users\/2"}],"replies":[{"embeddable":true,"href":"https:\/\/migracao.redenoticia.com.br\/noticia\/wp-json\/wp\/v2\/comments?post=103721"}],"version-history":[{"count":0,"href":"https:\/\/migracao.redenoticia.com.br\/noticia\/wp-json\/wp\/v2\/posts\/103721\/revisions"}],"wp:featuredmedia":[{"embeddable":true,"href":"https:\/\/migracao.redenoticia.com.br\/noticia\/wp-json\/wp\/v2\/media\/34747"}],"wp:attachment":[{"href":"https:\/\/migracao.redenoticia.com.br\/noticia\/wp-json\/wp\/v2\/media?parent=103721"}],"wp:term":[{"taxonomy":"category","embeddable":true,"href":"https:\/\/migracao.redenoticia.com.br\/noticia\/wp-json\/wp\/v2\/categories?post=103721"},{"taxonomy":"post_tag","embeddable":true,"href":"https:\/\/migracao.redenoticia.com.br\/noticia\/wp-json\/wp\/v2\/tags?post=103721"}],"curies":[{"name":"wp","href":"https:\/\/api.w.org\/{rel}","templated":true}]}}