{"id":103723,"date":"2017-01-05T06:10:08","date_gmt":"2017-01-05T08:10:08","guid":{"rendered":"http:\/\/www.redenoticia.com.br\/noticia\/?p=103723"},"modified":"2017-01-04T20:11:04","modified_gmt":"2017-01-04T22:11:04","slug":"comercio-do-rio-perdera-mais-de-r-7-bi-com-feriados-em-2017-dizem-lojistas","status":"publish","type":"post","link":"https:\/\/migracao.redenoticia.com.br\/noticia\/2017\/comercio-do-rio-perdera-mais-de-r-7-bi-com-feriados-em-2017-dizem-lojistas\/103723","title":{"rendered":"Com\u00e9rcio do Rio perder\u00e1 mais de R$ 7 bi com feriados em 2017, dizem lojistas"},"content":{"rendered":"<p> O excesso de <strong><em>feriados<\/em><\/strong> ao longo deste ano poder\u00e1 levar o com\u00e9rcio varejista do munic\u00edpio do Rio de Janeiro a perder R$ 7,5 bilh\u00f5es em 2017. A estimativa \u00e9 do Clube de Diretores Lojistas do Rio de Janeiro (CDLRio). Ao longo do ano, ser\u00e3o nove feriados nacionais, tr\u00eas estaduais, dois municipais e dois pontos facultativos \u2013 Cinzas e Corpus Cristi \u2013  que, na avalia\u00e7\u00e3o da CDLRio, implicar\u00e3o em mais 12 dias \u00fateis, com possibilidade de prolongamento \u2013 o chamado \u201cenforcamento\u201d.<\/p>\n<p>An\u00e1lise do Centro de Estudos do CDLRio, com base nos dados do Instituto Brasileiro de Geografia e Estat\u00edstica (IBGE), corrigidos para 2017, indicam que cada dia parado representa uma perda m\u00e9dia de cerca de R$ 405 milh\u00f5es.<\/p>\n<p>Ao longo do ano, o com\u00e9rcio ter\u00e1 29 dias de movimento prejudicado, sendo que novembro ser\u00e1 o m\u00eas com mais feriados: Finados, Proclama\u00e7\u00e3o da Rep\u00fablica e da Consci\u00eancia Negra.<\/p>\n<p>A estimativa \u00e9 baseada em dados do IBGE e corrigida para 2017. Na avalia\u00e7\u00e3o do presidente do CDLRio, Aldo Gon\u00e7alves, os feriados do ano e seus poss\u00edveis prolongamentos v\u00e3o penalizar os lojistas, principalmente as lojas de rua que s\u00e3o as que mais sofrem, e, especialmente, o centro da cidade que fica completamente deserto.<\/p>\n<p>Com os chamados \u201cenforcamentos\u201d h\u00e1 a possibilidade do cidad\u00e3o folgar treze dias, inclu\u00edndo os s\u00e1bados, considerado pelo varejo o melhor dia de vendas da semana.<\/p>\n<p>\u201cN\u00e3o h\u00e1 d\u00favida que este excessivo n\u00famero de dias parados prejudicar\u00e1 o com\u00e9rcio. S\u00e3o quase 30 dias (um m\u00eas) de vendas depreciadas. N\u00e3o s\u00e3o apenas os empres\u00e1rios lojistas que perdem com isso. Perdem o governo, que deixa de arrecadar impostos, os comerci\u00e1rios, que deixar\u00e3o de vender e, tamb\u00e9m, o pr\u00f3prio consumidor, que n\u00e3o pode comprar\u201d, disse Gon\u00e7alves.<\/p>\n<p>No caso dos comerci\u00e1rios, o estudo diz que eles podem perder at\u00e9 um sal\u00e1rio no ano. \u201c\u00c9 um verdadeiro 14\u00ba jogado fora. N\u00e3o somos contra os feriados em datas comemorativas \u2013 e at\u00e9 mesmo, quando poss\u00edvel, o adiamento deles. Mas somos a favor de que a sociedade civil organizada, empres\u00e1rios, l\u00edderes de classe e autoridades se sentem \u00e0 mesa para discutir outras solu\u00e7\u00f5es que evitem tamanho desperd\u00edcio\u201d, afirmou o presidente do CDLRio.<\/p>\n<p>Em contrapartida, ainda segundo o CDLRio, hotelaria, bares e restaurantes e servi\u00e7os ligados ao turismo s\u00e3o os mais beneficiados com os feriados e alguns shoppings centers, devido a maior presen\u00e7a de turistas.<\/p>\n<p>Nielmar de Oliveira \u2013 Rep\u00f3rter da Ag\u00eancia Brasil<br \/>\nEdi\u00e7\u00e3o: Maria Claudia<br \/>\n05\/01\/2017<\/p>\n","protected":false},"excerpt":{"rendered":"<p>O excesso de feriados ao longo deste ano poder\u00e1 levar o com\u00e9rcio varejista do munic\u00edpio do Rio de Janeiro a perder R$ 7,5 bilh\u00f5es em 2017. A estimativa \u00e9 do Clube de Diretores Lojistas do Rio de Janeiro (CDLRio). Ao longo do ano, ser\u00e3o nove feriados nacionais, tr\u00eas estaduais, dois municipais e dois pontos facultativos [&hellip;]<\/p>\n","protected":false},"author":2,"featured_media":38938,"comment_status":"open","ping_status":"closed","sticky":false,"template":"","format":"standard","meta":{"tdm_status":"","tdm_grid_status":"","footnotes":""},"categories":[22,7],"tags":[],"class_list":{"0":"post-103723","1":"post","2":"type-post","3":"status-publish","4":"format-standard","5":"has-post-thumbnail","7":"category-brasil","8":"category-economia"},"_links":{"self":[{"href":"https:\/\/migracao.redenoticia.com.br\/noticia\/wp-json\/wp\/v2\/posts\/103723","targetHints":{"allow":["GET"]}}],"collection":[{"href":"https:\/\/migracao.redenoticia.com.br\/noticia\/wp-json\/wp\/v2\/posts"}],"about":[{"href":"https:\/\/migracao.redenoticia.com.br\/noticia\/wp-json\/wp\/v2\/types\/post"}],"author":[{"embeddable":true,"href":"https:\/\/migracao.redenoticia.com.br\/noticia\/wp-json\/wp\/v2\/users\/2"}],"replies":[{"embeddable":true,"href":"https:\/\/migracao.redenoticia.com.br\/noticia\/wp-json\/wp\/v2\/comments?post=103723"}],"version-history":[{"count":0,"href":"https:\/\/migracao.redenoticia.com.br\/noticia\/wp-json\/wp\/v2\/posts\/103723\/revisions"}],"wp:featuredmedia":[{"embeddable":true,"href":"https:\/\/migracao.redenoticia.com.br\/noticia\/wp-json\/wp\/v2\/media\/38938"}],"wp:attachment":[{"href":"https:\/\/migracao.redenoticia.com.br\/noticia\/wp-json\/wp\/v2\/media?parent=103723"}],"wp:term":[{"taxonomy":"category","embeddable":true,"href":"https:\/\/migracao.redenoticia.com.br\/noticia\/wp-json\/wp\/v2\/categories?post=103723"},{"taxonomy":"post_tag","embeddable":true,"href":"https:\/\/migracao.redenoticia.com.br\/noticia\/wp-json\/wp\/v2\/tags?post=103723"}],"curies":[{"name":"wp","href":"https:\/\/api.w.org\/{rel}","templated":true}]}}