{"id":103727,"date":"2017-01-05T06:12:02","date_gmt":"2017-01-05T08:12:02","guid":{"rendered":"http:\/\/www.redenoticia.com.br\/noticia\/?p=103727"},"modified":"2017-01-04T20:12:53","modified_gmt":"2017-01-04T22:12:53","slug":"ipc-s-sobe-em-quatro-capitais-na-ultima-semana-de-2016","status":"publish","type":"post","link":"https:\/\/migracao.redenoticia.com.br\/noticia\/2017\/ipc-s-sobe-em-quatro-capitais-na-ultima-semana-de-2016\/103727","title":{"rendered":"IPC-S sobe em quatro capitais na \u00faltima semana de 2016"},"content":{"rendered":"<p> A <strong><em>infla\u00e7\u00e3o<\/em><\/strong> da \u00faltima semana de 2016, medida pelo \u00cdndice de Pre\u00e7os ao Consumidor Semanal (IPC-S), fechou com varia\u00e7\u00e3o de 0,33%, alta de 0,09 ponto percentual em rela\u00e7\u00e3o aos 0,24% da semana imediatamente anterior, para o conjunto das sete capitais do pa\u00eds envolvidas na pesquisa \u2013 Rio, Recife, Bras\u00edlia, Belo Horizonte, S\u00e3o Paulo, Salvador e Porto Alegre.<\/p>\n<p>Os dados foram divulgados pelo Instituto Brasileiro de Economia da Funda\u00e7\u00e3o Getulio Vargas (Ibre-FGV) e indicam que o Rio de Janeiro foi a capital com a maior varia\u00e7\u00e3o percentual entre um per\u00edodo e outro. O Rio fechou com varia\u00e7\u00e3o de 0,28 ponto percentual, ao passar de 0,27% para 0,55%.<\/p>\n<p>Os dados indicam que quatro das sete capitais pesquisadas registraram crescimento da infla\u00e7\u00e3o medida pelo IPC-S, entre um per\u00edodo e outro, com a maior alta sendo verificada mais uma vez em Recife, onde o IPC-S passou de 0,72% para 0,74%.<\/p>\n<p>Pre\u00e7os sobem em Bras\u00edlia<\/p>\n<p>Com resultados maiores do que a m\u00e9dia nacional, aparece ainda Bras\u00edlia, que, ao variar 0,6%, registrou o segundo maior IPC-S da \u00faltima semana do ano de 2016.<\/p>\n<p>Embora tenha registrado alta entre a terceira e a quarta quadrissemana, Belo Horizonte fechou com infla\u00e7\u00e3o de 0,1%, depois de uma defla\u00e7\u00e3o de 0,01% na semana imediatamente anterior. Porto Alegre, cuja taxa foi de 0,09%, reverteu uma defla\u00e7\u00e3o (infla\u00e7\u00e3o negativa) de 0,1% na terceira quadrissemana de dezembro.<\/p>\n<p>Em S\u00e3o Paulo, o IPC-S passou de 0,29% para 0,27%, registrando tamb\u00e9m uma varia\u00e7\u00e3o menor de pre\u00e7os entre os dois per\u00edodos. Em Salvador, o \u00edndice passou de 0,21% para 0,19%.<\/p>\n<p>Nielmar de Oliveira &#8211; Rep\u00f3rter da Ag\u00eancia Brasil<br \/>\nEdi\u00e7\u00e3o: Kleber Sampaio<br \/>\n05\/01\/2017<\/p>\n","protected":false},"excerpt":{"rendered":"<p>A infla\u00e7\u00e3o da \u00faltima semana de 2016, medida pelo \u00cdndice de Pre\u00e7os ao Consumidor Semanal (IPC-S), fechou com varia\u00e7\u00e3o de 0,33%, alta de 0,09 ponto percentual em rela\u00e7\u00e3o aos 0,24% da semana imediatamente anterior, para o conjunto das sete capitais do pa\u00eds envolvidas na pesquisa \u2013 Rio, Recife, Bras\u00edlia, Belo Horizonte, S\u00e3o Paulo, Salvador e [&hellip;]<\/p>\n","protected":false},"author":2,"featured_media":34916,"comment_status":"open","ping_status":"closed","sticky":false,"template":"","format":"standard","meta":{"tdm_status":"","tdm_grid_status":"","footnotes":""},"categories":[22,7],"tags":[],"class_list":{"0":"post-103727","1":"post","2":"type-post","3":"status-publish","4":"format-standard","5":"has-post-thumbnail","7":"category-brasil","8":"category-economia"},"_links":{"self":[{"href":"https:\/\/migracao.redenoticia.com.br\/noticia\/wp-json\/wp\/v2\/posts\/103727","targetHints":{"allow":["GET"]}}],"collection":[{"href":"https:\/\/migracao.redenoticia.com.br\/noticia\/wp-json\/wp\/v2\/posts"}],"about":[{"href":"https:\/\/migracao.redenoticia.com.br\/noticia\/wp-json\/wp\/v2\/types\/post"}],"author":[{"embeddable":true,"href":"https:\/\/migracao.redenoticia.com.br\/noticia\/wp-json\/wp\/v2\/users\/2"}],"replies":[{"embeddable":true,"href":"https:\/\/migracao.redenoticia.com.br\/noticia\/wp-json\/wp\/v2\/comments?post=103727"}],"version-history":[{"count":0,"href":"https:\/\/migracao.redenoticia.com.br\/noticia\/wp-json\/wp\/v2\/posts\/103727\/revisions"}],"wp:featuredmedia":[{"embeddable":true,"href":"https:\/\/migracao.redenoticia.com.br\/noticia\/wp-json\/wp\/v2\/media\/34916"}],"wp:attachment":[{"href":"https:\/\/migracao.redenoticia.com.br\/noticia\/wp-json\/wp\/v2\/media?parent=103727"}],"wp:term":[{"taxonomy":"category","embeddable":true,"href":"https:\/\/migracao.redenoticia.com.br\/noticia\/wp-json\/wp\/v2\/categories?post=103727"},{"taxonomy":"post_tag","embeddable":true,"href":"https:\/\/migracao.redenoticia.com.br\/noticia\/wp-json\/wp\/v2\/tags?post=103727"}],"curies":[{"name":"wp","href":"https:\/\/api.w.org\/{rel}","templated":true}]}}