{"id":103750,"date":"2017-01-04T18:43:02","date_gmt":"2017-01-04T20:43:02","guid":{"rendered":"http:\/\/www.redenoticia.com.br\/noticia\/?p=103750"},"modified":"2017-01-04T20:46:07","modified_gmt":"2017-01-04T22:46:07","slug":"novela-sol-nascente-resumo-0501-mario-tenta-resgatar-a-familia-de-wagner","status":"publish","type":"post","link":"https:\/\/migracao.redenoticia.com.br\/noticia\/2017\/novela-sol-nascente-resumo-0501-mario-tenta-resgatar-a-familia-de-wagner\/103750","title":{"rendered":"Novela \u201cSol Nascente\u201d resumo 05\/01: Mario tenta resgatar a fam\u00edlia de Wagner"},"content":{"rendered":"<p><img loading=\"lazy\" decoding=\"async\" class=\"alignleft size-thumbnail wp-image-91714\" src=\"https:\/\/migracao.redenoticia.com.br\/noticia\/imagens\/sol_nascente_resumo_novela_globo-150x112.jpg\" alt=\"sol_nascente_resumo_novela_globo\" width=\"150\" height=\"112\" srcset=\"https:\/\/migracao.redenoticia.com.br\/noticia\/imagens\/sol_nascente_resumo_novela_globo-150x112.jpg 150w, https:\/\/migracao.redenoticia.com.br\/noticia\/imagens\/sol_nascente_resumo_novela_globo-265x198.jpg 265w\" sizes=\"auto, (max-width: 150px) 100vw, 150px\" \/><strong><em>Novela \u201cSol Nascente\u201d resumo 05\/01<\/em><\/strong>: ap\u00f3s se separar de Alice por causa de suas suspeitas contra C\u00e9sar, Mario parte para a Bahia e tenta proteger Wagner e sua fam\u00edlia. O mec\u00e2nico acredita que o ex-funcion\u00e1rio da Arraial Pescados \u00e9 o \u00fanico que sabe a identidade do mandante da explos\u00e3o das traineiras e pretende convenc\u00ea-lo a depor. Ao descobrir que Mario foi para Bahia, C\u00e9sar manda Jo\u00e3o Amaro sequestrar o italiano. Alice tem um pressentimento com Mario e Tanaka se preocupa. Na Bahia, Mario e Tato repassam o plano para resgatar a fam\u00edlia de Wagner quando Alice liga e revela para Mario o resultado da investiga\u00e7\u00e3o de Damasceno, mas ele n\u00e3o acredita. Alice se preocupa com Mario e este d\u00e1 in\u00edcio a seu plano.<\/p>\n<p>No cap\u00edtulo 111(*), novela \u201cSol Nascente\u201d, quinta-feira, 05 de janeiro \u2013 Ana ajuda Carolina a fazer um \u00e1lbum para a filha. Vittorio se surpreende com Milena. Mesquita leva flores para Loretta. Ralf pede para Milena n\u00e3o se separar dele. Alice tem um pressentimento com Mario e Tanaka se preocupa. <\/p>\n<p>Mario e Tato repassam o plano para resgatar a fam\u00edlia de Wagner. Cesar tenta conter a euforia depois de ouvir Damasceno afirmar que Massao \u00e9 o respons\u00e1vel pela explos\u00e3o nas traineiras. Alice revela para Mario o resultado da investiga\u00e7\u00e3o de Damasceno, mas ele n\u00e3o acredita. <\/p>\n<p>Cesar questiona Jo\u00e3o Amaro sobre Mario. Mocinha e Cesar supervisionam as obras para a constru\u00e7\u00e3o do cassino. Lenita procura a enfermeira da maternidade onde deu \u00e0 luz sua filha. Alice se preocupa com Mario. Ralf se aconselha com Patrick. Mario d\u00e1 in\u00edcio a seu plano.<\/p>\n<p>(*) edi\u00e7\u00e3o da Rede Globo, Novela \u201cSol Nascente\u201d, sujeito a altera\u00e7\u00e3o de data e conte\u00fado.<\/p>\n","protected":false},"excerpt":{"rendered":"<p>Novela \u201cSol Nascente\u201d resumo 05\/01: ap\u00f3s se separar de Alice por causa de suas suspeitas contra C\u00e9sar, Mario parte para a Bahia e tenta proteger Wagner e sua fam\u00edlia. O mec\u00e2nico acredita que o ex-funcion\u00e1rio da Arraial Pescados \u00e9 o \u00fanico que sabe a identidade do mandante da explos\u00e3o das traineiras e pretende convenc\u00ea-lo a [&hellip;]<\/p>\n","protected":false},"author":2,"featured_media":93943,"comment_status":"open","ping_status":"closed","sticky":false,"template":"","format":"standard","meta":{"tdm_status":"","tdm_grid_status":"","footnotes":""},"categories":[379,375,343],"tags":[441],"class_list":{"0":"post-103750","1":"post","2":"type-post","3":"status-publish","4":"format-standard","5":"has-post-thumbnail","7":"category-novelas","8":"category-rede-globo","9":"category-televisao","10":"tag-resumo-do-dia"},"_links":{"self":[{"href":"https:\/\/migracao.redenoticia.com.br\/noticia\/wp-json\/wp\/v2\/posts\/103750","targetHints":{"allow":["GET"]}}],"collection":[{"href":"https:\/\/migracao.redenoticia.com.br\/noticia\/wp-json\/wp\/v2\/posts"}],"about":[{"href":"https:\/\/migracao.redenoticia.com.br\/noticia\/wp-json\/wp\/v2\/types\/post"}],"author":[{"embeddable":true,"href":"https:\/\/migracao.redenoticia.com.br\/noticia\/wp-json\/wp\/v2\/users\/2"}],"replies":[{"embeddable":true,"href":"https:\/\/migracao.redenoticia.com.br\/noticia\/wp-json\/wp\/v2\/comments?post=103750"}],"version-history":[{"count":0,"href":"https:\/\/migracao.redenoticia.com.br\/noticia\/wp-json\/wp\/v2\/posts\/103750\/revisions"}],"wp:featuredmedia":[{"embeddable":true,"href":"https:\/\/migracao.redenoticia.com.br\/noticia\/wp-json\/wp\/v2\/media\/93943"}],"wp:attachment":[{"href":"https:\/\/migracao.redenoticia.com.br\/noticia\/wp-json\/wp\/v2\/media?parent=103750"}],"wp:term":[{"taxonomy":"category","embeddable":true,"href":"https:\/\/migracao.redenoticia.com.br\/noticia\/wp-json\/wp\/v2\/categories?post=103750"},{"taxonomy":"post_tag","embeddable":true,"href":"https:\/\/migracao.redenoticia.com.br\/noticia\/wp-json\/wp\/v2\/tags?post=103750"}],"curies":[{"name":"wp","href":"https:\/\/api.w.org\/{rel}","templated":true}]}}